{"id":1223,"date":"2017-09-22T13:02:13","date_gmt":"2017-09-22T16:02:13","guid":{"rendered":"http:\/\/www.saaemb.sp.gov.br\/site\/?p=1223"},"modified":"2017-09-22T13:02:13","modified_gmt":"2017-09-22T16:02:13","slug":"alunos-da-rede-municipal-participam-de-palestra-sobre-meio-ambiente","status":"publish","type":"post","link":"https:\/\/saaemb.sp.gov.br\/index.php\/2017\/09\/22\/alunos-da-rede-municipal-participam-de-palestra-sobre-meio-ambiente\/","title":{"rendered":"Alunos da rede municipal participam de palestra sobre meio ambiente"},"content":{"rendered":"<p>A partir da escassez dos recursos naturais, somado ao crescimento desordenado da popula\u00e7\u00e3o mundial e intensidade dos impactos ambientais, surge o conflito da sustentabilidade dos sistemas econ\u00f4mico e natural, e faz do meio ambiente um tema estrat\u00e9gico e urgente. Neste contexto, a comiss\u00e3o do Programa Munic\u00edpio Verde Azul, do Governo do Munic\u00edpio de Buritama, realizou na quarta-feira, 2, palestra com alunos da rede municipal de ensino para conscientizar as crian\u00e7as no intuito de serem multiplicadores da preserva\u00e7\u00e3o ambiental.<br \/>\nA meta \u00e9 trabalhar as diretivas do programa para o desenvolvimento sustent\u00e1vel do estado de S\u00e3o Paulo. Em setembro, o tema abordado pauta-se em \u201cA import\u00e2ncia da biodiversidade\u201d. De acordo com o engenheiro agr\u00f4nomo, Sidney Antonio Roseiro Goulart Junior, a crian\u00e7a \u00e9 um agente multiplicador. A educa\u00e7\u00e3o ambiental infantil desenvolve a consci\u00eancia ecol\u00f3gica da crian\u00e7a para repassar para os pais e familiares.<br \/>\n\u201cA educa\u00e7\u00e3o ambiental mostra-se como uma ferramenta de orienta\u00e7\u00e3o para tomada de consci\u00eancia dos indiv\u00edduos frente aos problemas ambientais, tornando-se um processo participativo e \u00e9 exatamente por isso que sua pr\u00e1tica faz-se t\u00e3o importante, a fim de solucionar as quest\u00f5es relativas ao ac\u00famulo de res\u00edduos, desperd\u00edcio de \u00e1gua, entre outras\u201d, explica.<br \/>\nJunior disse que a popula\u00e7\u00e3o precisa se conscientizar em rela\u00e7\u00e3o ao meio ambiente. \u201cSe continuarmos agredindo a natureza, estaremos desencadeando e acelerando um processo de autodestrui\u00e7\u00e3o. E, a\u00ed ser\u00e1 praticamente imposs\u00edvel a manuten\u00e7\u00e3o de vidas em nosso planeta. Vamos deixar chegar a tal ponto? A tarefa \u00e9 de todos n\u00f3s\u201d, finaliza.<\/p>\n","protected":false},"excerpt":{"rendered":"<p>A partir da escassez dos recursos naturais, somado ao crescimento desordenado da popula\u00e7\u00e3o mundial e intensidade dos impactos ambientais, surge o conflito da sustentabilidade dos sistemas econ\u00f4mico e natural, e faz do meio ambiente um tema estrat\u00e9gico e urgente. Neste contexto, a comiss\u00e3o do Programa Munic\u00edpio Verde Azul, do Governo do Munic\u00edpio de Buritama, realizou [&hellip;]<\/p>\n","protected":false},"author":1,"featured_media":1222,"comment_status":"closed","ping_status":"closed","sticky":false,"template":"","format":"standard","meta":{"footnotes":""},"categories":[18],"tags":[],"class_list":["post-1223","post","type-post","status-publish","format-standard","has-post-thumbnail","hentry","category-municipio-verdeazul"],"_links":{"self":[{"href":"https:\/\/saaemb.sp.gov.br\/index.php\/wp-json\/wp\/v2\/posts\/1223","targetHints":{"allow":["GET"]}}],"collection":[{"href":"https:\/\/saaemb.sp.gov.br\/index.php\/wp-json\/wp\/v2\/posts"}],"about":[{"href":"https:\/\/saaemb.sp.gov.br\/index.php\/wp-json\/wp\/v2\/types\/post"}],"author":[{"embeddable":true,"href":"https:\/\/saaemb.sp.gov.br\/index.php\/wp-json\/wp\/v2\/users\/1"}],"replies":[{"embeddable":true,"href":"https:\/\/saaemb.sp.gov.br\/index.php\/wp-json\/wp\/v2\/comments?post=1223"}],"version-history":[{"count":0,"href":"https:\/\/saaemb.sp.gov.br\/index.php\/wp-json\/wp\/v2\/posts\/1223\/revisions"}],"wp:featuredmedia":[{"embeddable":true,"href":"https:\/\/saaemb.sp.gov.br\/index.php\/wp-json\/wp\/v2\/media\/1222"}],"wp:attachment":[{"href":"https:\/\/saaemb.sp.gov.br\/index.php\/wp-json\/wp\/v2\/media?parent=1223"}],"wp:term":[{"taxonomy":"category","embeddable":true,"href":"https:\/\/saaemb.sp.gov.br\/index.php\/wp-json\/wp\/v2\/categories?post=1223"},{"taxonomy":"post_tag","embeddable":true,"href":"https:\/\/saaemb.sp.gov.br\/index.php\/wp-json\/wp\/v2\/tags?post=1223"}],"curies":[{"name":"wp","href":"https:\/\/api.w.org\/{rel}","templated":true}]}}