{"id":1264,"date":"2018-03-22T18:33:31","date_gmt":"2018-03-22T21:33:31","guid":{"rendered":"http:\/\/www.saaemb.sp.gov.br\/site\/?p=1264"},"modified":"2018-03-22T18:33:31","modified_gmt":"2018-03-22T21:33:31","slug":"saaemb-promove-palestra-para-comemorar-o-dia-mundial-da-agua","status":"publish","type":"post","link":"https:\/\/saaemb.sp.gov.br\/index.php\/2018\/03\/22\/saaemb-promove-palestra-para-comemorar-o-dia-mundial-da-agua\/","title":{"rendered":"SAAEMB promove palestra para comemorar o Dia Mundial da \u00c1gua"},"content":{"rendered":"<p>O SAAEMB (Servi\u00e7o Aut\u00f4nomo de \u00c1gua, Esgoto e Meio Ambiente) realizou hoje (21), na Emef (Escola Municipal de Ensino Fundamental) Livramento, palestra com estudantes do 4\u00ba ano, da professora Ana Paula Fernandes, para promover o Dia Mundial da \u00c1gua, celebrado amanh\u00e3 (22). O evento buscou conscientizar as crian\u00e7as sobre a preserva\u00e7\u00e3o dos bens naturais do planeta.<br \/>\nA \u00e1gua \u00e9 um recurso essencial para a sobreviv\u00eancia de todos os seres vivos. Ela mant\u00e9m nosso corpo hidratado, ajuda no transporte de subst\u00e2ncias, funciona como solvente, regula a temperatura, entre outras fun\u00e7\u00f5es. Estima-se que apenas 0,77% da \u00e1gua esteja dispon\u00edvel para o consumo humano em lagos, rios e reservat\u00f3rios subterr\u00e2neos.<br \/>\nDados da Unicef diz que 20% da popula\u00e7\u00e3o mundial n\u00e3o tem acesso \u00e0 \u00e1gua limpa e aproximadamente 1,4 mil crian\u00e7as menores de cinco anos morrem todos os dias em decorr\u00eancia da falta de \u00e1gua pot\u00e1vel, saneamento b\u00e1sico e higiene.<br \/>\nSegundo a qu\u00edmica do SAAEMB, Let\u00edcia Possani, \u00e9 preciso conscientizar a popula\u00e7\u00e3o sobre o cuidado e preserva\u00e7\u00e3o da \u00e1gua. \u201cFalamos sobre a \u00e1gua, escassez e a import\u00e2ncia de tratar esse recurso com o m\u00e1ximo cuidado. Buritama est\u00e1 em busca da certifica\u00e7\u00e3o do selo de Munic\u00edpio VerdeAzul, para isso \u00e9 preciso ser um munic\u00edpio sustent\u00e1vel, onde a popula\u00e7\u00e3o use os recursos naturais sem comprometer a gera\u00e7\u00e3o futura\u201d, explicou.<br \/>\nEla citou que o pa\u00eds precisa realizar a\u00e7\u00f5es de sustentabilidade como iniciar a produ\u00e7\u00e3o de alimentos org\u00e2nicos (sem agrot\u00f3xicos), uso de combust\u00edveis de fontes renov\u00e1veis, energia limpa, reciclagem de lixo e uso racional da \u00e1gua.<br \/>\n<strong>DICAS PARA DIMINUIR O CONSUMO DE \u00c1GUA<\/strong><\/p>\n<ul>\n<li>Feche bem as torneiras ap\u00f3s o uso;<\/li>\n<li>Feche a torneira enquanto escova os dentes ou faz a barba;<\/li>\n<li>Uma torneira gotejando gasta 46 litros de \u00e1gua por dia;<\/li>\n<li>Um filete desperdi\u00e7a de 180 a 750 litros\/dia;<\/li>\n<li>Desligue o chuveiro para se ensaboar e reabra para se enxaguar;<\/li>\n<li>Antes de lavar a lou\u00e7a, remova\u00a0restos de comida dos pratos e das panelas;<\/li>\n<li>S\u00f3 abra a\u00a0torneira para o enxague;<\/li>\n<li>Evite lavar as cal\u00e7adas com mangueira. Elas podem ser varridas;<\/li>\n<li>Molhe plantas e jardins ao entardecer ou amanhecer;<\/li>\n<li>Evite que as crian\u00e7as brinquem de tomar banho com mangueira;<\/li>\n<li>Fique atento aos vazamentos em pias, chuveiros e vasos sanit\u00e1rios;<\/li>\n<li>Conserte imediatamente os vazamentos e fugas d\u2019\u00e1gua.<\/li>\n<\/ul>\n","protected":false},"excerpt":{"rendered":"<p>O SAAEMB (Servi\u00e7o Aut\u00f4nomo de \u00c1gua, Esgoto e Meio Ambiente) realizou hoje (21), na Emef (Escola Municipal de Ensino Fundamental) Livramento, palestra com estudantes do 4\u00ba ano, da professora Ana Paula Fernandes, para promover o Dia Mundial da \u00c1gua, celebrado amanh\u00e3 (22). O evento buscou conscientizar as crian\u00e7as sobre a preserva\u00e7\u00e3o dos bens naturais do [&hellip;]<\/p>\n","protected":false},"author":1,"featured_media":1265,"comment_status":"closed","ping_status":"closed","sticky":false,"template":"","format":"standard","meta":{"footnotes":""},"categories":[16],"tags":[],"class_list":["post-1264","post","type-post","status-publish","format-standard","has-post-thumbnail","hentry","category-destaque"],"_links":{"self":[{"href":"https:\/\/saaemb.sp.gov.br\/index.php\/wp-json\/wp\/v2\/posts\/1264","targetHints":{"allow":["GET"]}}],"collection":[{"href":"https:\/\/saaemb.sp.gov.br\/index.php\/wp-json\/wp\/v2\/posts"}],"about":[{"href":"https:\/\/saaemb.sp.gov.br\/index.php\/wp-json\/wp\/v2\/types\/post"}],"author":[{"embeddable":true,"href":"https:\/\/saaemb.sp.gov.br\/index.php\/wp-json\/wp\/v2\/users\/1"}],"replies":[{"embeddable":true,"href":"https:\/\/saaemb.sp.gov.br\/index.php\/wp-json\/wp\/v2\/comments?post=1264"}],"version-history":[{"count":0,"href":"https:\/\/saaemb.sp.gov.br\/index.php\/wp-json\/wp\/v2\/posts\/1264\/revisions"}],"wp:featuredmedia":[{"embeddable":true,"href":"https:\/\/saaemb.sp.gov.br\/index.php\/wp-json\/wp\/v2\/media\/1265"}],"wp:attachment":[{"href":"https:\/\/saaemb.sp.gov.br\/index.php\/wp-json\/wp\/v2\/media?parent=1264"}],"wp:term":[{"taxonomy":"category","embeddable":true,"href":"https:\/\/saaemb.sp.gov.br\/index.php\/wp-json\/wp\/v2\/categories?post=1264"},{"taxonomy":"post_tag","embeddable":true,"href":"https:\/\/saaemb.sp.gov.br\/index.php\/wp-json\/wp\/v2\/tags?post=1264"}],"curies":[{"name":"wp","href":"https:\/\/api.w.org\/{rel}","templated":true}]}}