{"id":1289,"date":"2018-04-26T14:27:29","date_gmt":"2018-04-26T17:27:29","guid":{"rendered":"http:\/\/www.saaemb.sp.gov.br\/site\/?p=1289"},"modified":"2018-04-26T14:27:29","modified_gmt":"2018-04-26T17:27:29","slug":"buritama-participa-de-curso-de-poda-de-arvores","status":"publish","type":"post","link":"https:\/\/saaemb.sp.gov.br\/index.php\/2018\/04\/26\/buritama-participa-de-curso-de-poda-de-arvores\/","title":{"rendered":"Buritama participa de curso de poda de \u00e1rvores"},"content":{"rendered":"<p><strong><\/strong><br \/>\nO munic\u00edpio enviou quatro representantes para participar do curso de poda de \u00e1rvores urbanas realizado na ter\u00e7a-feira (17), em Andradina. O objetivo da capacita\u00e7\u00e3o foi repassar aos podadores no\u00e7\u00f5es de bot\u00e2nica, novas t\u00e9cnicas de podas, obedecendo \u00e0s diretrizes do Programa Munic\u00edpio VerdeAzul.<br \/>\nO curso disponibilizou certificado de participa\u00e7\u00e3o e foi ministrado pelo coordenador estadual do Munic\u00edpio Verde-Azul, Jos\u00e9 Walter Figueiredo. De Buritama participaram Arildo Gon\u00e7alves Carneiro, Luiz Carlos Dias, Leonardo Marangoni e Tiago Bearari.<br \/>\nDe acordo com Arildo, servidor municipal, o curso foi importante e apresentou informa\u00e7\u00f5es para realizar a poda, sem danificar a \u00e1rvore. \u201cUma poda feita de forma incorreta pode prejudicar o crescimento e inviabilizar seu desenvolvimento\u201d, disse.<br \/>\nA capacita\u00e7\u00e3o \u00e9 um dos requisitos do Munic\u00edpio Verde-Azul, que certifica as cidades comprometidas com a preserva\u00e7\u00e3o ambiental.<\/p>\n","protected":false},"excerpt":{"rendered":"<p>O munic\u00edpio enviou quatro representantes para participar do curso de poda de \u00e1rvores urbanas realizado na ter\u00e7a-feira (17), em Andradina. O objetivo da capacita\u00e7\u00e3o foi repassar aos podadores no\u00e7\u00f5es de bot\u00e2nica, novas t\u00e9cnicas de podas, obedecendo \u00e0s diretrizes do Programa Munic\u00edpio VerdeAzul. O curso disponibilizou certificado de participa\u00e7\u00e3o e foi ministrado pelo coordenador estadual do [&hellip;]<\/p>\n","protected":false},"author":1,"featured_media":1286,"comment_status":"closed","ping_status":"closed","sticky":false,"template":"","format":"standard","meta":{"footnotes":""},"categories":[16,18],"tags":[],"class_list":["post-1289","post","type-post","status-publish","format-standard","has-post-thumbnail","hentry","category-destaque","category-municipio-verdeazul"],"_links":{"self":[{"href":"https:\/\/saaemb.sp.gov.br\/index.php\/wp-json\/wp\/v2\/posts\/1289","targetHints":{"allow":["GET"]}}],"collection":[{"href":"https:\/\/saaemb.sp.gov.br\/index.php\/wp-json\/wp\/v2\/posts"}],"about":[{"href":"https:\/\/saaemb.sp.gov.br\/index.php\/wp-json\/wp\/v2\/types\/post"}],"author":[{"embeddable":true,"href":"https:\/\/saaemb.sp.gov.br\/index.php\/wp-json\/wp\/v2\/users\/1"}],"replies":[{"embeddable":true,"href":"https:\/\/saaemb.sp.gov.br\/index.php\/wp-json\/wp\/v2\/comments?post=1289"}],"version-history":[{"count":0,"href":"https:\/\/saaemb.sp.gov.br\/index.php\/wp-json\/wp\/v2\/posts\/1289\/revisions"}],"wp:featuredmedia":[{"embeddable":true,"href":"https:\/\/saaemb.sp.gov.br\/index.php\/wp-json\/wp\/v2\/media\/1286"}],"wp:attachment":[{"href":"https:\/\/saaemb.sp.gov.br\/index.php\/wp-json\/wp\/v2\/media?parent=1289"}],"wp:term":[{"taxonomy":"category","embeddable":true,"href":"https:\/\/saaemb.sp.gov.br\/index.php\/wp-json\/wp\/v2\/categories?post=1289"},{"taxonomy":"post_tag","embeddable":true,"href":"https:\/\/saaemb.sp.gov.br\/index.php\/wp-json\/wp\/v2\/tags?post=1289"}],"curies":[{"name":"wp","href":"https:\/\/api.w.org\/{rel}","templated":true}]}}