{"id":1291,"date":"2018-04-26T14:29:34","date_gmt":"2018-04-26T17:29:34","guid":{"rendered":"http:\/\/www.saaemb.sp.gov.br\/site\/?p=1291"},"modified":"2018-04-26T14:29:34","modified_gmt":"2018-04-26T17:29:34","slug":"conselho-de-meio-ambiente-discute-acoes-para-buritama","status":"publish","type":"post","link":"https:\/\/saaemb.sp.gov.br\/index.php\/2018\/04\/26\/conselho-de-meio-ambiente-discute-acoes-para-buritama\/","title":{"rendered":"Conselho de Meio Ambiente discute a\u00e7\u00f5es para Buritama"},"content":{"rendered":"<p>O Conselho Municipal de Meio Ambiente se reuniu para discutir a\u00e7\u00f5es para o Programa Munic\u00edpio Verde-Azul. Em pauta as diretivas j\u00e1 executadas e as medidas necess\u00e1rias para desenvolver novas atividades da agenda ambiental. O conselho conta 10 integrantes, cinco representam o poder p\u00fablico e cinco da sociedade civil. As reuni\u00f5es s\u00e3o mensais.<br \/>\nDurante a reuni\u00e3o foram apresentadas propostas para implementa\u00e7\u00e3o de projeto de energia fotovoltaica no munic\u00edpio, levantamento e preserva\u00e7\u00e3o de nascentes, elabora\u00e7\u00e3o da lei de arboriza\u00e7\u00e3o, escolha da \u00e1rvore s\u00edmbolo de Buritama e foi escolhido quatro representantes para representar o munic\u00edpio no Comit\u00ea de Bacia Hidrogr\u00e1fica do Baixo Tiet\u00ea.<br \/>\nO objetivo do conselho \u00e9 assessorar e atuar junto ao poder p\u00fablico municipal para cumprimento das diretrizes da pol\u00edtica municipal para o meio ambiente e os recursos naturais. O conselho recebe tamb\u00e9m den\u00fancias da popula\u00e7\u00e3o referentes a infra\u00e7\u00f5es \u00e0 legisla\u00e7\u00e3o de prote\u00e7\u00e3o ambiental. \u201cO conselho \u00e9 importante, pois ajuda a deliberar, normatizar e regulamentar as a\u00e7\u00f5es sobre o meio ambiente, al\u00e9m de aprovar ou n\u00e3o, as a\u00e7\u00f5es do executivo relacionados ao meio ambiente\u201d, disse o secret\u00e1rio do conselho, Leandro Luiz Duarte Munhoz.<br \/>\n<strong>Munic\u00edpio Verde-Azul<\/strong><br \/>\nLan\u00e7ado em 2007 pelo Governo do Estado de S\u00e3o Paulo, por meio da Secretaria de Estado do Meio Ambiente, o Programa Munic\u00edpio Verde-Azul tem o prop\u00f3sito de medir e apoiar a efici\u00eancia da gest\u00e3o ambiental com a descentraliza\u00e7\u00e3o e valoriza\u00e7\u00e3o da agenda ambiental nos munic\u00edpios. Assim, o principal objetivo do programa \u00e9 estimular e auxiliar as prefeituras paulistas na elabora\u00e7\u00e3o e execu\u00e7\u00e3o de suas pol\u00edticas p\u00fablicas estrat\u00e9gicas para o desenvolvimento sustent\u00e1vel do estado de S\u00e3o Paulo.<br \/>\nAs a\u00e7\u00f5es propostas comp\u00f5em as dez diretivas norteadoras da agenda ambiental local, abrangendo os seguintes temas estrat\u00e9gicos: Esgoto Tratado, Res\u00edduos S\u00f3lidos, Biodiversidade, Arboriza\u00e7\u00e3o Urbana, Educa\u00e7\u00e3o Ambiental, Cidade Sustent\u00e1vel, Gest\u00e3o das \u00c1guas, Qualidade do Ar, Estrutura Ambiental e Conselho Ambiental.<\/p>\n","protected":false},"excerpt":{"rendered":"<p>O Conselho Municipal de Meio Ambiente se reuniu para discutir a\u00e7\u00f5es para o Programa Munic\u00edpio Verde-Azul. Em pauta as diretivas j\u00e1 executadas e as medidas necess\u00e1rias para desenvolver novas atividades da agenda ambiental. O conselho conta 10 integrantes, cinco representam o poder p\u00fablico e cinco da sociedade civil. As reuni\u00f5es s\u00e3o mensais. Durante a reuni\u00e3o [&hellip;]<\/p>\n","protected":false},"author":1,"featured_media":1285,"comment_status":"closed","ping_status":"closed","sticky":false,"template":"","format":"standard","meta":{"footnotes":""},"categories":[16,18],"tags":[],"class_list":["post-1291","post","type-post","status-publish","format-standard","has-post-thumbnail","hentry","category-destaque","category-municipio-verdeazul"],"_links":{"self":[{"href":"https:\/\/saaemb.sp.gov.br\/index.php\/wp-json\/wp\/v2\/posts\/1291","targetHints":{"allow":["GET"]}}],"collection":[{"href":"https:\/\/saaemb.sp.gov.br\/index.php\/wp-json\/wp\/v2\/posts"}],"about":[{"href":"https:\/\/saaemb.sp.gov.br\/index.php\/wp-json\/wp\/v2\/types\/post"}],"author":[{"embeddable":true,"href":"https:\/\/saaemb.sp.gov.br\/index.php\/wp-json\/wp\/v2\/users\/1"}],"replies":[{"embeddable":true,"href":"https:\/\/saaemb.sp.gov.br\/index.php\/wp-json\/wp\/v2\/comments?post=1291"}],"version-history":[{"count":0,"href":"https:\/\/saaemb.sp.gov.br\/index.php\/wp-json\/wp\/v2\/posts\/1291\/revisions"}],"wp:featuredmedia":[{"embeddable":true,"href":"https:\/\/saaemb.sp.gov.br\/index.php\/wp-json\/wp\/v2\/media\/1285"}],"wp:attachment":[{"href":"https:\/\/saaemb.sp.gov.br\/index.php\/wp-json\/wp\/v2\/media?parent=1291"}],"wp:term":[{"taxonomy":"category","embeddable":true,"href":"https:\/\/saaemb.sp.gov.br\/index.php\/wp-json\/wp\/v2\/categories?post=1291"},{"taxonomy":"post_tag","embeddable":true,"href":"https:\/\/saaemb.sp.gov.br\/index.php\/wp-json\/wp\/v2\/tags?post=1291"}],"curies":[{"name":"wp","href":"https:\/\/api.w.org\/{rel}","templated":true}]}}