{"id":1293,"date":"2018-04-26T14:30:42","date_gmt":"2018-04-26T17:30:42","guid":{"rendered":"http:\/\/www.saaemb.sp.gov.br\/site\/?p=1293"},"modified":"2018-04-26T14:30:42","modified_gmt":"2018-04-26T17:30:42","slug":"buritama-recolhe-embalagens-vazias-de-defensivos-agricolas","status":"publish","type":"post","link":"https:\/\/saaemb.sp.gov.br\/index.php\/2018\/04\/26\/buritama-recolhe-embalagens-vazias-de-defensivos-agricolas\/","title":{"rendered":"Buritama recolhe embalagens vazias de defensivos agr\u00edcolas"},"content":{"rendered":"<p>O Governo do Munic\u00edpio de Buritama realiza nos dias 24 a 25 de abril, das 8h \u00e0s 13h, no recinto de festas do pe\u00e3o \u201cOdilon Ferreira de Almeida\u201d, coleta de embalagens vazias de defensivos agr\u00edcolas utilizados por produtores rurais. \u00c9 preciso a conscientiza\u00e7\u00e3o para evitar danos ao meio ambiente, conforme lei federal institu\u00edda em 2000, que normatiza a destina\u00e7\u00e3o dos vasilhames.<br \/>\nNos dias da coleta, as embalagens ser\u00e3o separadas, sendo que podem ir para a reciclagem e parte para incinera\u00e7\u00e3o por conterem res\u00edduos, mesmo ap\u00f3s a tr\u00edplice lavagem. Os recipientes destinados para a reciclagem poder\u00e3o ser transformados em caixa de luz, madeira pl\u00e1stica, condu\u00edtes para fia\u00e7\u00e3o el\u00e9trica, entre outros produtos.<br \/>\nO m\u00e9dico-veterin\u00e1rio da Casa da Agricultura, Milson Aparecido Polizel, salientou que todos os envolvidos neste processo devem participar da a\u00e7\u00e3o como os agricultores, ind\u00fastria fabricante, canais de distribui\u00e7\u00e3o, cooperativas e poder p\u00fablico. \u201cA coleta vai beneficiar os pequenos produtores que precisariam gastar para dar o destino correto aos recipientes\u201d, disse.<br \/>\nPara o Governo do Munic\u00edpio, na administra\u00e7\u00e3o do prefeito Rodrigo Zacarias dos Santos, a coleta dos vasilhames ser\u00e1 um facilitador para o homem do campo. \u201cA a\u00e7\u00e3o, al\u00e9m de contribuir para a preserva\u00e7\u00e3o do meio ambiente, tamb\u00e9m conscientizar\u00e1 os propriet\u00e1rios sobre os danos que o agrot\u00f3xico pode causar na propriedade\u201d, citou.<\/p>\n","protected":false},"excerpt":{"rendered":"<p>O Governo do Munic\u00edpio de Buritama realiza nos dias 24 a 25 de abril, das 8h \u00e0s 13h, no recinto de festas do pe\u00e3o \u201cOdilon Ferreira de Almeida\u201d, coleta de embalagens vazias de defensivos agr\u00edcolas utilizados por produtores rurais. \u00c9 preciso a conscientiza\u00e7\u00e3o para evitar danos ao meio ambiente, conforme lei federal institu\u00edda em 2000, [&hellip;]<\/p>\n","protected":false},"author":1,"featured_media":1284,"comment_status":"closed","ping_status":"closed","sticky":false,"template":"","format":"standard","meta":{"footnotes":""},"categories":[16,18],"tags":[],"class_list":["post-1293","post","type-post","status-publish","format-standard","has-post-thumbnail","hentry","category-destaque","category-municipio-verdeazul"],"_links":{"self":[{"href":"https:\/\/saaemb.sp.gov.br\/index.php\/wp-json\/wp\/v2\/posts\/1293","targetHints":{"allow":["GET"]}}],"collection":[{"href":"https:\/\/saaemb.sp.gov.br\/index.php\/wp-json\/wp\/v2\/posts"}],"about":[{"href":"https:\/\/saaemb.sp.gov.br\/index.php\/wp-json\/wp\/v2\/types\/post"}],"author":[{"embeddable":true,"href":"https:\/\/saaemb.sp.gov.br\/index.php\/wp-json\/wp\/v2\/users\/1"}],"replies":[{"embeddable":true,"href":"https:\/\/saaemb.sp.gov.br\/index.php\/wp-json\/wp\/v2\/comments?post=1293"}],"version-history":[{"count":0,"href":"https:\/\/saaemb.sp.gov.br\/index.php\/wp-json\/wp\/v2\/posts\/1293\/revisions"}],"wp:featuredmedia":[{"embeddable":true,"href":"https:\/\/saaemb.sp.gov.br\/index.php\/wp-json\/wp\/v2\/media\/1284"}],"wp:attachment":[{"href":"https:\/\/saaemb.sp.gov.br\/index.php\/wp-json\/wp\/v2\/media?parent=1293"}],"wp:term":[{"taxonomy":"category","embeddable":true,"href":"https:\/\/saaemb.sp.gov.br\/index.php\/wp-json\/wp\/v2\/categories?post=1293"},{"taxonomy":"post_tag","embeddable":true,"href":"https:\/\/saaemb.sp.gov.br\/index.php\/wp-json\/wp\/v2\/tags?post=1293"}],"curies":[{"name":"wp","href":"https:\/\/api.w.org\/{rel}","templated":true}]}}