{"id":1297,"date":"2018-06-04T14:18:13","date_gmt":"2018-06-04T17:18:13","guid":{"rendered":"http:\/\/www.saaemb.sp.gov.br\/site\/?p=1297"},"modified":"2018-06-04T14:18:13","modified_gmt":"2018-06-04T17:18:13","slug":"cras-promove-palestra-de-meio-ambiente-para-integrantes-de-projetos-sociais","status":"publish","type":"post","link":"https:\/\/saaemb.sp.gov.br\/index.php\/2018\/06\/04\/cras-promove-palestra-de-meio-ambiente-para-integrantes-de-projetos-sociais\/","title":{"rendered":"CRAS promove palestra de meio ambiente para integrantes de projetos sociais"},"content":{"rendered":"<p>O CRAS (Centro de Refer\u00eancia da Assist\u00eancia Social) realizou ontem (22), palestra sobre meio ambiente para 40 pessoas dos projetos A\u00e7\u00e3o Jovem, Renda Cidad\u00e3 e PAIF (Programa de Aten\u00e7\u00e3o Integral \u00e0 Fam\u00edlia). O engenheiro Agr\u00f4nomo Sidney Ant\u00f4nio Roseiro Goulart J\u00fanior \u2013 representante da empresa Ambiente Floresta \u2013 apresentou informa\u00e7\u00f5es para conscientizar o p\u00fablico para os cuidados com a \u00e1gua e esgoto, como descartar corretamente os res\u00edduos s\u00f3lidos e o incentivo ao plantio de \u00e1rvores.<br \/>\nAp\u00f3s a palestra, o p\u00fablico acompanhou o plantio de oito mudas, sendo uma quaresmeira, quatro aroeiras pimenteiras e tr\u00eas oitis, todas com um metro de comprimento. S\u00e3o mudas que se adaptaram melhor \u00e0s condi\u00e7\u00f5es urbanas. J\u00fanior disse que foram doadas oito mudas de quaresmeira, dois ip\u00eas amarelos, uma goiabeira e uma de acerola.<br \/>\n\u201cA arboriza\u00e7\u00e3o urbana, al\u00e9m da fun\u00e7\u00e3o paisag\u00edstica, proporciona benef\u00edcios \u00e0 popula\u00e7\u00e3o como embelezar as vias p\u00fablicas, oferecem sombras para os pedestres e ve\u00edculos, amenizam a polui\u00e7\u00e3o sonora, reduzem o impacto da \u00e1gua da chuva e seu escorrimento superficial, servem de abrigo a fauna e reduz a polui\u00e7\u00e3o do ar provocada principalmente pela queima de combust\u00edveis dos ve\u00edculos automotores e industrias\u201d, diz.<br \/>\nO engenheiro acrescentou tamb\u00e9m que a arboriza\u00e7\u00e3o garante conforto t\u00e9rmico e bem estar psicol\u00f3gico \u00e0s pessoas, amenizam a for\u00e7a do vento, valorizam im\u00f3veis, contribui para o aumento da umidade relativa do ar, reduz os impactos do aquecimento global e fornece mat\u00e9ria org\u00e2nica para o solo.<br \/>\n\u201cA educa\u00e7\u00e3o ambiental mostra-se como uma ferramenta de orienta\u00e7\u00e3o para tomada de consci\u00eancia dos indiv\u00edduos frente aos problemas ambientais, tornando-se um processo participativo e \u00e9 exatamente por isso que sua pr\u00e1tica faz-se t\u00e3o importante, a fim de solucionar as quest\u00f5es relativas ao ac\u00famulo de res\u00edduos, desperd\u00edcio de \u00e1gua, entre outras\u201d, explica.<br \/>\nPara a coordenadora do CRAS, Camila Sampaio Stella, o tema oferece reflex\u00f5es para evitar problemas ao meio ambiente. \u201cIsso tudo faz parte de uma sociedade informada e educada para cidadania, onde os participantes dos grupos podem ser agentes multiplicadores, de conhecimento, de um comportamento civilizado em sociedade onde cada um fazendo sua parte, teremos uma cidade cada vez mais limpa, organizada e de qualidade\u201d, frisou. Citou ainda que as mudas foram doadas pela empresa Ambiente Floresta.<br \/>\nJunior disse que a popula\u00e7\u00e3o precisa se conscientizar em rela\u00e7\u00e3o ao meio ambiente. \u201cSe continuarmos agredindo a natureza, estaremos desencadeando e acelerando um processo de autodestrui\u00e7\u00e3o. E, a\u00ed ser\u00e1 praticamente imposs\u00edvel a manuten\u00e7\u00e3o de vidas em nosso planeta. Vamos deixar chegar a tal ponto? A tarefa \u00e9 de todos n\u00f3s\u201d, finaliza.<\/p>\n","protected":false},"excerpt":{"rendered":"<p>O CRAS (Centro de Refer\u00eancia da Assist\u00eancia Social) realizou ontem (22), palestra sobre meio ambiente para 40 pessoas dos projetos A\u00e7\u00e3o Jovem, Renda Cidad\u00e3 e PAIF (Programa de Aten\u00e7\u00e3o Integral \u00e0 Fam\u00edlia). O engenheiro Agr\u00f4nomo Sidney Ant\u00f4nio Roseiro Goulart J\u00fanior \u2013 representante da empresa Ambiente Floresta \u2013 apresentou informa\u00e7\u00f5es para conscientizar o p\u00fablico para os [&hellip;]<\/p>\n","protected":false},"author":1,"featured_media":1296,"comment_status":"closed","ping_status":"closed","sticky":false,"template":"","format":"standard","meta":{"footnotes":""},"categories":[16],"tags":[],"class_list":["post-1297","post","type-post","status-publish","format-standard","has-post-thumbnail","hentry","category-destaque"],"_links":{"self":[{"href":"https:\/\/saaemb.sp.gov.br\/index.php\/wp-json\/wp\/v2\/posts\/1297","targetHints":{"allow":["GET"]}}],"collection":[{"href":"https:\/\/saaemb.sp.gov.br\/index.php\/wp-json\/wp\/v2\/posts"}],"about":[{"href":"https:\/\/saaemb.sp.gov.br\/index.php\/wp-json\/wp\/v2\/types\/post"}],"author":[{"embeddable":true,"href":"https:\/\/saaemb.sp.gov.br\/index.php\/wp-json\/wp\/v2\/users\/1"}],"replies":[{"embeddable":true,"href":"https:\/\/saaemb.sp.gov.br\/index.php\/wp-json\/wp\/v2\/comments?post=1297"}],"version-history":[{"count":0,"href":"https:\/\/saaemb.sp.gov.br\/index.php\/wp-json\/wp\/v2\/posts\/1297\/revisions"}],"wp:featuredmedia":[{"embeddable":true,"href":"https:\/\/saaemb.sp.gov.br\/index.php\/wp-json\/wp\/v2\/media\/1296"}],"wp:attachment":[{"href":"https:\/\/saaemb.sp.gov.br\/index.php\/wp-json\/wp\/v2\/media?parent=1297"}],"wp:term":[{"taxonomy":"category","embeddable":true,"href":"https:\/\/saaemb.sp.gov.br\/index.php\/wp-json\/wp\/v2\/categories?post=1297"},{"taxonomy":"post_tag","embeddable":true,"href":"https:\/\/saaemb.sp.gov.br\/index.php\/wp-json\/wp\/v2\/tags?post=1297"}],"curies":[{"name":"wp","href":"https:\/\/api.w.org\/{rel}","templated":true}]}}