{"id":1303,"date":"2018-06-15T19:54:38","date_gmt":"2018-06-15T22:54:38","guid":{"rendered":"http:\/\/www.saaemb.sp.gov.br\/site\/?p=1303"},"modified":"2018-06-15T19:54:38","modified_gmt":"2018-06-15T22:54:38","slug":"criancas-tem-aula-sobre-biodiversidade-e-reciclagem-na-biblioteca-municipal","status":"publish","type":"post","link":"https:\/\/saaemb.sp.gov.br\/index.php\/2018\/06\/15\/criancas-tem-aula-sobre-biodiversidade-e-reciclagem-na-biblioteca-municipal\/","title":{"rendered":"Crian\u00e7as t\u00eam aula sobre biodiversidade e reciclagem na biblioteca municipal"},"content":{"rendered":"<p>Em vez da tradicional sala de aula, alunos da Emef (Escola Municipal do Ensino Fundamental) Nossa Senhora do Livramento tiveram hoje (6) uma aula sobre biodiversidade e reciclagem na biblioteca municipal. O local escolhido foi a sala do Centro de Educa\u00e7\u00e3o Ambiental do Condema (Conselho de Defesa do Meio Ambiente). Um espa\u00e7o estrat\u00e9gico para a sensibiliza\u00e7\u00e3o do p\u00fablico na quest\u00e3o do meio ambiente.<br \/>\nO bate-papo foi com o engenheiro agr\u00f4nomo Sidney Ant\u00f4nio Roseiro Goulart J\u00fanior. Ele explicou que a quest\u00e3o ambiental est\u00e1 em alta por raz\u00e3o simples: necessidade de sobreviv\u00eancia. \u201c\u00c9 preciso melhorar as quest\u00f5es ambientais ao nosso redor, protegendo os rios e o solo da nossa cidade, para garantir o futuro das pr\u00f3ximas gera\u00e7\u00f5es\u201d. O tema apresentado faz parte das propostas do Programa Munic\u00edpio VerdeAzul.<br \/>\nPara a professora Deusa Medeiros Cymbra, o debate \u00e9 mais uma ferramenta para conscientizar as crian\u00e7as sobre os cuidados com o meio ambiente. \u201c\u00c9 importante o acesso \u00e0 informa\u00e7\u00e3o para termos um mundo melhor. \u00c9 um sonho viver e conviver com a natureza, sem causar nenhum mal. \u00c9 preciso repassar o conhecimento para que outras pessoas possam fazer parte dessa transforma\u00e7\u00e3o\u201d, frisou.<br \/>\nO aluno Jeferson Gabriel de Carvalho Sousa disse que as pessoas devem cuidar melhor da natureza. \u201cN\u00e3o podemos causar danos na cidade. Temos que melhorar o meio ambiente. \u00c9 um lugar bom para se viver\u201d, comentou. Para Keren Hapuck Gon\u00e7alves, todos precisam contribuir para melhorar o planeta. \u201cPrecisamos cuidar do meio ambiente para termos um lugar melhor para vivermos\u201d, concluiu.<br \/>\nQuando mais cedo o tema for discutido com as crian\u00e7as, segundo o engenheiro, maiores s\u00e3o as chances de despertar a consci\u00eancia pela preserva\u00e7\u00e3o. \u201cA educa\u00e7\u00e3o para uma vida sustent\u00e1vel come\u00e7a em n\u00e3o jogar lixo em locais indevidos, n\u00e3o fazer queimada, evitar o desperd\u00edcio de \u00e1gua e materiais, proteger e reflorestar matas, reciclar e preservar a natureza\u201d, encerrou.<br \/>\nLet\u00edcia Possani, qu\u00edmica do Saaemb (Servi\u00e7o Aut\u00f4nomo de \u00c1gua, Esgoto e Meio Ambiente de Buritama) explicou que pequenas a\u00e7\u00f5es podem transformar a cidade. O tema deste ano do Dia Mundial do Meio Ambiente, celebrado ontem (5) \u00e9 \u201cAcabe com a polui\u00e7\u00e3o pl\u00e1stica\u201d. \u201cO objetivo \u00e9 chamar a aten\u00e7\u00e3o da sociedade para reduzir a produ\u00e7\u00e3o e o consumo excessivo de produtos pl\u00e1sticos descart\u00e1veis\u201d, argumentou.<br \/>\nParticiparam profissionais do Governo do Munic\u00edpio e representantes do Saaemb (Servi\u00e7o Aut\u00f4nomo de \u00c1gua, Esgoto e Meio Ambiente de Buritama).<br \/>\n<strong>SUSTENTABILIDADE<\/strong><br \/>\n<strong>\u00a0<\/strong>Para colocar em pr\u00e1tica o conceito de sustentabilidade \u00e9 necess\u00e1rio se atentar para detalhes que fazem a diferen\u00e7a e impactam positivamente na preserva\u00e7\u00e3o do meio ambiente. Pequenas mudan\u00e7as podem tornar sua vida melhor e ajudar a natureza ao mesmo tempo.<strong>\u00a0<\/strong><\/p>\n<ul>\n<li>L\u00e2mpada de led<\/li>\n<li>Descarga com dosador de fluxo<\/li>\n<li>Torneira com sensor<\/li>\n<li>Sistema de capta\u00e7\u00e3o de \u00e1gua da chuva<\/li>\n<li>L\u00e2mpada fluorescente com refletor de alum\u00ednio<\/li>\n<li>Sensores de presen\u00e7a que deligam automaticamente<\/li>\n<li>Aquecedor solar<\/li>\n<li>Telhas transparentes que privilegiam a ilumina\u00e7\u00e3o natural<\/li>\n<li>Laje com uso de isopor<\/li>\n<li>Piso com maior permeabilidade de \u00e1gua<\/li>\n<\/ul>\n","protected":false},"excerpt":{"rendered":"<p>Em vez da tradicional sala de aula, alunos da Emef (Escola Municipal do Ensino Fundamental) Nossa Senhora do Livramento tiveram hoje (6) uma aula sobre biodiversidade e reciclagem na biblioteca municipal. O local escolhido foi a sala do Centro de Educa\u00e7\u00e3o Ambiental do Condema (Conselho de Defesa do Meio Ambiente). Um espa\u00e7o estrat\u00e9gico para a [&hellip;]<\/p>\n","protected":false},"author":1,"featured_media":1300,"comment_status":"closed","ping_status":"closed","sticky":false,"template":"","format":"standard","meta":{"footnotes":""},"categories":[16],"tags":[],"class_list":["post-1303","post","type-post","status-publish","format-standard","has-post-thumbnail","hentry","category-destaque"],"_links":{"self":[{"href":"https:\/\/saaemb.sp.gov.br\/index.php\/wp-json\/wp\/v2\/posts\/1303","targetHints":{"allow":["GET"]}}],"collection":[{"href":"https:\/\/saaemb.sp.gov.br\/index.php\/wp-json\/wp\/v2\/posts"}],"about":[{"href":"https:\/\/saaemb.sp.gov.br\/index.php\/wp-json\/wp\/v2\/types\/post"}],"author":[{"embeddable":true,"href":"https:\/\/saaemb.sp.gov.br\/index.php\/wp-json\/wp\/v2\/users\/1"}],"replies":[{"embeddable":true,"href":"https:\/\/saaemb.sp.gov.br\/index.php\/wp-json\/wp\/v2\/comments?post=1303"}],"version-history":[{"count":0,"href":"https:\/\/saaemb.sp.gov.br\/index.php\/wp-json\/wp\/v2\/posts\/1303\/revisions"}],"wp:featuredmedia":[{"embeddable":true,"href":"https:\/\/saaemb.sp.gov.br\/index.php\/wp-json\/wp\/v2\/media\/1300"}],"wp:attachment":[{"href":"https:\/\/saaemb.sp.gov.br\/index.php\/wp-json\/wp\/v2\/media?parent=1303"}],"wp:term":[{"taxonomy":"category","embeddable":true,"href":"https:\/\/saaemb.sp.gov.br\/index.php\/wp-json\/wp\/v2\/categories?post=1303"},{"taxonomy":"post_tag","embeddable":true,"href":"https:\/\/saaemb.sp.gov.br\/index.php\/wp-json\/wp\/v2\/tags?post=1303"}],"curies":[{"name":"wp","href":"https:\/\/api.w.org\/{rel}","templated":true}]}}