{"id":1482,"date":"2021-02-18T17:27:14","date_gmt":"2021-02-18T19:27:14","guid":{"rendered":"https:\/\/saaemb.sp.gov.br\/?p=1482"},"modified":"2021-02-18T17:27:14","modified_gmt":"2021-02-18T19:27:14","slug":"comdema-conselho-municipal-de-defesa-do-meio-ambiente-faz-sua-primeira-reuniao-para-retomada-de-acoes-no-ano-de-2021","status":"publish","type":"post","link":"https:\/\/saaemb.sp.gov.br\/index.php\/2021\/02\/18\/comdema-conselho-municipal-de-defesa-do-meio-ambiente-faz-sua-primeira-reuniao-para-retomada-de-acoes-no-ano-de-2021\/","title":{"rendered":"COMDEMA \u2013 Conselho Municipal de Defesa do Meio Ambiente faz sua primeira reuni\u00e3o para retomada de a\u00e7\u00f5es no ano de 2021"},"content":{"rendered":"\n<p>O&nbsp;<strong>COMDEMA \u2013 Conselho Municipal de Defesa do Meio Ambiente<\/strong>&nbsp;<strong>do Munic\u00edpio de Buritama<\/strong>&nbsp;fez sua primeira reuni\u00e3o ordin\u00e1ria no dia 14\/01, na sala do Meio Ambiente no Centro Cultural.<\/p>\n\n\n\n<p>A reuni\u00e3o foi presidida pelo Sr. Wilton Rosalino Borges dando inicio as a\u00e7\u00f5es que ser\u00e3o realizadas no decorrer do ano de 2021 na \u00e1rea do meio ambiente na gest\u00e3o atual, 2021-2024.&nbsp;Atualmente o Conselho \u00e9 institu\u00eddo por 04 representantes do Poder P\u00fablico (Munic\u00edpio) e 04 representantes da Sociedade Civil com o mandato de dura\u00e7\u00e3o de dois anos.<\/p>\n\n\n\n<p>O COMDEMA \u00e9 composto por membros de todas as \u00e1reas de atua\u00e7\u00e3o como educa\u00e7\u00e3o, meio ambiente, saneamento e agricultura.&nbsp; J\u00e1 da Sociedade Civil, representantes do setor produtivo, de classes profissionais, organiza\u00e7\u00f5es civis sem fins lucrativos e institui\u00e7\u00f5es de ensino privada.<\/p>\n\n\n\n<p>Suas reuni\u00f5es s\u00e3o abertas a popula\u00e7\u00e3o todo m\u00eas, o que \u00e9 uma grande oportunidade do povo participar democraticamente no que se refere ao quesito ambiente no munic\u00edpio.<\/p>\n\n\n\n<p><strong>PROGRAMA \u2013 Munic\u00edpio Verde-Azul<\/strong><\/p>\n\n\n\n<p>Lan\u00e7ado em 2007 pelo Governo do Estado de S\u00e3o Paulo, por meio da Secretaria de Estado do Meio Ambiente, o Programa Munic\u00edpio Verde-Azul tem o prop\u00f3sito de medir e apoiar a efici\u00eancia da gest\u00e3o ambiental com a descentraliza\u00e7\u00e3o e valoriza\u00e7\u00e3o da agenda ambiental nos munic\u00edpios.<\/p>\n\n\n\n<p>Assim, o principal objetivo do programa \u00e9 estimular e auxiliar as prefeituras paulistas na elabora\u00e7\u00e3o e execu\u00e7\u00e3o de suas pol\u00edticas p\u00fablicas estrat\u00e9gicas para o desenvolvimento sustent\u00e1vel do estado de S\u00e3o Paulo.<\/p>\n\n\n\n<p>As a\u00e7\u00f5es propostas comp\u00f5em as dez diretivas norteadoras da agenda ambiental local, abrangendo os seguintes temas estrat\u00e9gicos: Esgoto Tratado, Res\u00edduos S\u00f3lidos, Biodiversidade, Arboriza\u00e7\u00e3o Urbana, Educa\u00e7\u00e3o Ambiental, Cidade Sustent\u00e1vel, Gest\u00e3o das \u00c1guas, Qualidade do Ar, Estrutura Ambiental e Conselho Ambiental.<\/p>\n\n","protected":false},"excerpt":{"rendered":"<p>O&nbsp;COMDEMA \u2013 Conselho Municipal de Defesa do Meio Ambiente&nbsp;do Munic\u00edpio de Buritama&nbsp;fez sua primeira reuni\u00e3o ordin\u00e1ria no dia 14\/01, na sala do Meio Ambiente no Centro Cultural. A reuni\u00e3o foi presidida pelo Sr. Wilton Rosalino Borges dando inicio as a\u00e7\u00f5es que ser\u00e3o realizadas no decorrer do ano de 2021 na \u00e1rea do meio ambiente na [&hellip;]<\/p>\n","protected":false},"author":1,"featured_media":1483,"comment_status":"open","ping_status":"open","sticky":false,"template":"","format":"standard","meta":{"footnotes":""},"categories":[16,18],"tags":[],"class_list":["post-1482","post","type-post","status-publish","format-standard","has-post-thumbnail","hentry","category-destaque","category-municipio-verdeazul"],"_links":{"self":[{"href":"https:\/\/saaemb.sp.gov.br\/index.php\/wp-json\/wp\/v2\/posts\/1482","targetHints":{"allow":["GET"]}}],"collection":[{"href":"https:\/\/saaemb.sp.gov.br\/index.php\/wp-json\/wp\/v2\/posts"}],"about":[{"href":"https:\/\/saaemb.sp.gov.br\/index.php\/wp-json\/wp\/v2\/types\/post"}],"author":[{"embeddable":true,"href":"https:\/\/saaemb.sp.gov.br\/index.php\/wp-json\/wp\/v2\/users\/1"}],"replies":[{"embeddable":true,"href":"https:\/\/saaemb.sp.gov.br\/index.php\/wp-json\/wp\/v2\/comments?post=1482"}],"version-history":[{"count":0,"href":"https:\/\/saaemb.sp.gov.br\/index.php\/wp-json\/wp\/v2\/posts\/1482\/revisions"}],"wp:featuredmedia":[{"embeddable":true,"href":"https:\/\/saaemb.sp.gov.br\/index.php\/wp-json\/wp\/v2\/media\/1483"}],"wp:attachment":[{"href":"https:\/\/saaemb.sp.gov.br\/index.php\/wp-json\/wp\/v2\/media?parent=1482"}],"wp:term":[{"taxonomy":"category","embeddable":true,"href":"https:\/\/saaemb.sp.gov.br\/index.php\/wp-json\/wp\/v2\/categories?post=1482"},{"taxonomy":"post_tag","embeddable":true,"href":"https:\/\/saaemb.sp.gov.br\/index.php\/wp-json\/wp\/v2\/tags?post=1482"}],"curies":[{"name":"wp","href":"https:\/\/api.w.org\/{rel}","templated":true}]}}