{"id":1542,"date":"2022-09-16T11:47:00","date_gmt":"2022-09-16T14:47:00","guid":{"rendered":"https:\/\/saaemb.sp.gov.br\/?p=1542"},"modified":"2022-09-16T11:47:00","modified_gmt":"2022-09-16T14:47:00","slug":"buritama-realiza-palestra-para-formar-cidadaos-mais-conscientes-com-o-meio-ambiente","status":"publish","type":"post","link":"https:\/\/saaemb.sp.gov.br\/index.php\/2022\/09\/16\/buritama-realiza-palestra-para-formar-cidadaos-mais-conscientes-com-o-meio-ambiente\/","title":{"rendered":"Buritama realiza palestra para formar cidad\u00e3os mais conscientes com o meio ambiente"},"content":{"rendered":"\n<p>O munic\u00edpio de Buritama em parceria com o Servi\u00e7o Aut\u00f4nomo de \u00c1gua, Esgoto e Meio Ambiente (SAAEMB), realizaram na segunda-feira (12), na escola estadual \u00c1lvaro Alvim, palestra para debater as 17 diretivas dos Objetivos de Desenvolvimento Sustent\u00e1vel (ODS) preconizados pela Organiza\u00e7\u00e3o das Na\u00e7\u00f5es Unidas (ONU). O evento contou com a presen\u00e7a de professores e alunos do 9\u00ba ano do ensino fundamental.<\/p>\n\n\n\n<p>As metas de desenvolvimento sustent\u00e1vel s\u00e3o um apelo para acabar com a pobreza, preserva\u00e7\u00e3o do meio ambiente e clima, al\u00e9m de oferecer a todas as pessoas, sem distin\u00e7\u00e3o, a paz e a prosperidade. Participaram da a\u00e7\u00e3o o diretor do Desenvolvimento Econ\u00f4mico, Agricultura e Meio Ambiente, Giancarlo Sanches Mestriner, o diretor de Cultura e Turismo, Wilton Rosalino Borges e a qu\u00edmica e integrante do Conselho Municipal de Defesa do Meio Ambiente (COMDEMA), Let\u00edcia Souza Possani.<\/p>\n\n\n\n<p>Com metas de desenvolvimento sustent\u00e1vel, o munic\u00edpio tem at\u00e9 2030 para realizar a\u00e7\u00f5es de preserva\u00e7\u00e3o ambiental. Ao todo, s\u00e3o 17 objetivos, 169 metas e 232 indicadores. A agenda surgiu em 2015, em Nova Iorque, nos Estados Unidos, e o Brasil foi um dos 193 pa\u00edses que assinaram um plano de atividades para proteger o planeta, garantir uma sociedade saud\u00e1vel e uma economia justa.<\/p>\n\n\n\n<p>\u201cO objetivo dessas a\u00e7\u00f5es \u00e9 trabalhar a conscientiza\u00e7\u00e3o e mostrar a import\u00e2ncia do trabalho em parceria. Sabemos que a miss\u00e3o \u00e9 \u00e1rdua e desenvolver a\u00e7\u00f5es voltadas \u00e0 educa\u00e7\u00e3o ambiental poder\u00e1 beneficiar toda sociedade\u201d, comentou Let\u00edcia ao dizer que a pr\u00e1tica de a\u00e7\u00f5es sustent\u00e1veis garantir\u00e1 um impacto positivo para o meio ambiente e qualidade de vida aos moradores. \u201cCada um pode fazer pequenas a\u00e7\u00f5es para colaborar com a redu\u00e7\u00e3o dos impactos ao meio ambiente, ou seja, a\u00e7\u00e3o local por uma causa global.<\/p>\n\n\n\n<p>Para Giancarlo, o munic\u00edpio busca implantar a coleta seletiva em parceria com os departamentos de Engenharia, Meio Ambiente, Educa\u00e7\u00e3o e Transportes. Ele explicou que esse ano foram criados novos ecopontos, cria\u00e7\u00e3o de comit\u00ea de trabalho e inser\u00e7\u00e3o das diretrizes das ODS em documentos oficiais. Outro ponto citado foi a parceria do munic\u00edpio com a faculdade Unesp, de Ilha Solteira, para estudo arb\u00f3reo.<\/p>\n\n\n\n<p>\u201cA palestra \u00e9 um pequeno passo que n\u00f3s demos, por uma grande a\u00e7\u00e3o que pretendemos fazer. V\u00e3o ter muitas outras nas escolas, a palestra de educa\u00e7\u00e3o ambiental \u00e9 importante para nossas crian\u00e7as. \u00c9 uma chance de mostrar os benef\u00edcios de preservar o meio ambiente, de forma educativa, sem imposi\u00e7\u00e3o, para que eles possam se tornar multiplicadores das informa\u00e7\u00f5es em suas casas e redes sociais\u201d, enfatizou.<\/p>\n\n\n\n<p>Conforme o diretor de Meio Ambiente, as a\u00e7\u00f5es desenvolvidas s\u00e3o fundamentais para o munic\u00edpio. \u201c\u00c9 extremamente necess\u00e1rio implantar atividades, as quais possam beneficiar toda a popula\u00e7\u00e3o, como as que j\u00e1 acontecem na cidade, por exemplo, coleta de \u00f3leo, de lixo eletr\u00f4nico, vidros, \u00e1gua e esgoto tratado, enfim, a\u00e7\u00f5es que podem contribuir para a qualidade de vida da popula\u00e7\u00e3o e oferecer um ambiente mais saud\u00e1vel para quem reside na cidade.<\/p>\n\n\n\n<p>Os desafios foram divididos por temas: erradica\u00e7\u00e3o da pobreza (1); fome zero e agricultura sustent\u00e1vel (2); sa\u00fade e bem-estar (3); educa\u00e7\u00e3o de qualidade (4); igualdade de g\u00eanero (5); \u00e1gua pot\u00e1vel e saneamento (6); energia limpa e acess\u00edvel (7); trabalho decente e crescimento econ\u00f4mico (8); ind\u00fastria, inova\u00e7\u00e3o e infraestrutura (9); redu\u00e7\u00e3o das desigualdades (10); cidades e comunidades sustent\u00e1veis (11); consumo e produ\u00e7\u00e3o sustent\u00e1veis (12); a\u00e7\u00e3o contra a mudan\u00e7a global do clima (13); vida na \u00e1gua (14); vida terrestre (15); paz, justi\u00e7a e institui\u00e7\u00f5es eficazes (16); e parceria e meios de implementa\u00e7\u00e3o (17).<\/p>\n\n\n\n<p><strong>Publicado: <\/strong>16\/09\/2022 &#8211; \u00e0s 11h40<br><\/p>\n\n\n\n<figure class=\"wp-block-gallery columns-3 is-cropped wp-block-gallery-1 is-layout-flex wp-block-gallery-is-layout-flex\"><ul class=\"blocks-gallery-grid\"><li class=\"blocks-gallery-item\"><figure><img decoding=\"async\" src=\"data:image\/gif;base64,R0lGODlhAQABAAAAACH5BAEKAAEALAAAAAABAAEAAAICTAEAOw==\" data-src=\"https:\/\/saaemb.sp.gov.br\/wp-content\/uploads\/2022\/09\/01-1-1024x683.jpg\" alt=\"\" data-id=\"1543\" data-full-url=\"https:\/\/saaemb.sp.gov.br\/wp-content\/uploads\/2022\/09\/01-1-scaled-1.jpg\" data-link=\"https:\/\/saaemb.sp.gov.br\/?attachment_id=1543\" class=\"wp-image-1543 lazyload\"\/><\/figure><\/li><li class=\"blocks-gallery-item\"><figure><img decoding=\"async\" src=\"data:image\/gif;base64,R0lGODlhAQABAAAAACH5BAEKAAEALAAAAAABAAEAAAICTAEAOw==\" data-src=\"https:\/\/saaemb.sp.gov.br\/wp-content\/uploads\/2022\/09\/02-1024x683.jpg\" alt=\"\" data-id=\"1544\" data-full-url=\"https:\/\/saaemb.sp.gov.br\/wp-content\/uploads\/2022\/09\/02-scaled-1.jpg\" data-link=\"https:\/\/saaemb.sp.gov.br\/?attachment_id=1544\" class=\"wp-image-1544 lazyload\"\/><\/figure><\/li><li class=\"blocks-gallery-item\"><figure><img decoding=\"async\" src=\"data:image\/gif;base64,R0lGODlhAQABAAAAACH5BAEKAAEALAAAAAABAAEAAAICTAEAOw==\" data-src=\"https:\/\/saaemb.sp.gov.br\/wp-content\/uploads\/2022\/09\/03-1024x683.jpg\" alt=\"\" data-id=\"1545\" data-full-url=\"https:\/\/saaemb.sp.gov.br\/wp-content\/uploads\/2022\/09\/03-scaled-1.jpg\" data-link=\"https:\/\/saaemb.sp.gov.br\/?attachment_id=1545\" class=\"wp-image-1545 lazyload\"\/><\/figure><\/li><li class=\"blocks-gallery-item\"><figure><img decoding=\"async\" src=\"data:image\/gif;base64,R0lGODlhAQABAAAAACH5BAEKAAEALAAAAAABAAEAAAICTAEAOw==\" data-src=\"https:\/\/saaemb.sp.gov.br\/wp-content\/uploads\/2022\/09\/04-1024x683.jpg\" alt=\"\" data-id=\"1546\" data-full-url=\"https:\/\/saaemb.sp.gov.br\/wp-content\/uploads\/2022\/09\/04-scaled-1.jpg\" data-link=\"https:\/\/saaemb.sp.gov.br\/?attachment_id=1546\" class=\"wp-image-1546 lazyload\"\/><\/figure><\/li><li class=\"blocks-gallery-item\"><figure><img decoding=\"async\" src=\"data:image\/gif;base64,R0lGODlhAQABAAAAACH5BAEKAAEALAAAAAABAAEAAAICTAEAOw==\" data-src=\"https:\/\/saaemb.sp.gov.br\/wp-content\/uploads\/2022\/09\/05-1024x683.jpg\" alt=\"\" data-id=\"1547\" data-full-url=\"https:\/\/saaemb.sp.gov.br\/wp-content\/uploads\/2022\/09\/05-scaled-1.jpg\" data-link=\"https:\/\/saaemb.sp.gov.br\/?attachment_id=1547\" class=\"wp-image-1547 lazyload\"\/><\/figure><\/li><li class=\"blocks-gallery-item\"><figure><img decoding=\"async\" src=\"data:image\/gif;base64,R0lGODlhAQABAAAAACH5BAEKAAEALAAAAAABAAEAAAICTAEAOw==\" data-src=\"https:\/\/saaemb.sp.gov.br\/wp-content\/uploads\/2022\/09\/06-1024x683.jpg\" alt=\"\" data-id=\"1548\" data-full-url=\"https:\/\/saaemb.sp.gov.br\/wp-content\/uploads\/2022\/09\/06-scaled-1.jpg\" data-link=\"https:\/\/saaemb.sp.gov.br\/?attachment_id=1548\" class=\"wp-image-1548 lazyload\"\/><\/figure><\/li><li class=\"blocks-gallery-item\"><figure><img decoding=\"async\" src=\"data:image\/gif;base64,R0lGODlhAQABAAAAACH5BAEKAAEALAAAAAABAAEAAAICTAEAOw==\" data-src=\"https:\/\/saaemb.sp.gov.br\/wp-content\/uploads\/2022\/09\/07-1024x683.jpg\" alt=\"\" data-id=\"1549\" data-full-url=\"https:\/\/saaemb.sp.gov.br\/wp-content\/uploads\/2022\/09\/07-scaled-1.jpg\" data-link=\"https:\/\/saaemb.sp.gov.br\/?attachment_id=1549\" class=\"wp-image-1549 lazyload\"\/><\/figure><\/li><li class=\"blocks-gallery-item\"><figure><img decoding=\"async\" src=\"data:image\/gif;base64,R0lGODlhAQABAAAAACH5BAEKAAEALAAAAAABAAEAAAICTAEAOw==\" data-src=\"https:\/\/saaemb.sp.gov.br\/wp-content\/uploads\/2022\/09\/08-1024x683.jpg\" alt=\"\" data-id=\"1550\" data-full-url=\"https:\/\/saaemb.sp.gov.br\/wp-content\/uploads\/2022\/09\/08-scaled-1.jpg\" data-link=\"https:\/\/saaemb.sp.gov.br\/?attachment_id=1550\" class=\"wp-image-1550 lazyload\"\/><\/figure><\/li><li class=\"blocks-gallery-item\"><figure><img decoding=\"async\" src=\"data:image\/gif;base64,R0lGODlhAQABAAAAACH5BAEKAAEALAAAAAABAAEAAAICTAEAOw==\" data-src=\"https:\/\/saaemb.sp.gov.br\/wp-content\/uploads\/2022\/09\/09-1024x683.jpg\" alt=\"\" data-id=\"1551\" data-full-url=\"https:\/\/saaemb.sp.gov.br\/wp-content\/uploads\/2022\/09\/09-scaled-1.jpg\" data-link=\"https:\/\/saaemb.sp.gov.br\/?attachment_id=1551\" class=\"wp-image-1551 lazyload\"\/><\/figure><\/li><li class=\"blocks-gallery-item\"><figure><img decoding=\"async\" src=\"data:image\/gif;base64,R0lGODlhAQABAAAAACH5BAEKAAEALAAAAAABAAEAAAICTAEAOw==\" data-src=\"https:\/\/saaemb.sp.gov.br\/wp-content\/uploads\/2022\/09\/10-1024x683.jpg\" alt=\"\" data-id=\"1552\" data-full-url=\"https:\/\/saaemb.sp.gov.br\/wp-content\/uploads\/2022\/09\/10-scaled-1.jpg\" data-link=\"https:\/\/saaemb.sp.gov.br\/?attachment_id=1552\" class=\"wp-image-1552 lazyload\"\/><\/figure><\/li><li class=\"blocks-gallery-item\"><figure><img decoding=\"async\" src=\"data:image\/gif;base64,R0lGODlhAQABAAAAACH5BAEKAAEALAAAAAABAAEAAAICTAEAOw==\" data-src=\"https:\/\/saaemb.sp.gov.br\/wp-content\/uploads\/2022\/09\/11-1024x683.jpg\" alt=\"\" data-id=\"1553\" data-full-url=\"https:\/\/saaemb.sp.gov.br\/wp-content\/uploads\/2022\/09\/11-scaled-1.jpg\" data-link=\"https:\/\/saaemb.sp.gov.br\/?attachment_id=1553\" class=\"wp-image-1553 lazyload\"\/><\/figure><\/li><li class=\"blocks-gallery-item\"><figure><img decoding=\"async\" src=\"data:image\/gif;base64,R0lGODlhAQABAAAAACH5BAEKAAEALAAAAAABAAEAAAICTAEAOw==\" data-src=\"https:\/\/saaemb.sp.gov.br\/wp-content\/uploads\/2022\/09\/12-1024x683.jpg\" alt=\"\" data-id=\"1554\" data-full-url=\"https:\/\/saaemb.sp.gov.br\/wp-content\/uploads\/2022\/09\/12-scaled-1.jpg\" data-link=\"https:\/\/saaemb.sp.gov.br\/?attachment_id=1554\" class=\"wp-image-1554 lazyload\"\/><\/figure><\/li><\/ul><\/figure>\n\n\n\n<p><\/p>\n\n","protected":false},"excerpt":{"rendered":"<p>O munic\u00edpio de Buritama em parceria com o Servi\u00e7o Aut\u00f4nomo de \u00c1gua, Esgoto e Meio Ambiente (SAAEMB), realizaram na segunda-feira (12), na escola estadual \u00c1lvaro Alvim, palestra para debater as 17 diretivas dos Objetivos de Desenvolvimento Sustent\u00e1vel (ODS) preconizados pela Organiza\u00e7\u00e3o das Na\u00e7\u00f5es Unidas (ONU). O evento contou com a presen\u00e7a de professores e alunos [&hellip;]<\/p>\n","protected":false},"author":1,"featured_media":1543,"comment_status":"open","ping_status":"open","sticky":false,"template":"","format":"standard","meta":{"footnotes":""},"categories":[22],"tags":[],"class_list":["post-1542","post","type-post","status-publish","format-standard","has-post-thumbnail","hentry","category-palestra-educativa"],"_links":{"self":[{"href":"https:\/\/saaemb.sp.gov.br\/index.php\/wp-json\/wp\/v2\/posts\/1542","targetHints":{"allow":["GET"]}}],"collection":[{"href":"https:\/\/saaemb.sp.gov.br\/index.php\/wp-json\/wp\/v2\/posts"}],"about":[{"href":"https:\/\/saaemb.sp.gov.br\/index.php\/wp-json\/wp\/v2\/types\/post"}],"author":[{"embeddable":true,"href":"https:\/\/saaemb.sp.gov.br\/index.php\/wp-json\/wp\/v2\/users\/1"}],"replies":[{"embeddable":true,"href":"https:\/\/saaemb.sp.gov.br\/index.php\/wp-json\/wp\/v2\/comments?post=1542"}],"version-history":[{"count":0,"href":"https:\/\/saaemb.sp.gov.br\/index.php\/wp-json\/wp\/v2\/posts\/1542\/revisions"}],"wp:featuredmedia":[{"embeddable":true,"href":"https:\/\/saaemb.sp.gov.br\/index.php\/wp-json\/wp\/v2\/media\/1543"}],"wp:attachment":[{"href":"https:\/\/saaemb.sp.gov.br\/index.php\/wp-json\/wp\/v2\/media?parent=1542"}],"wp:term":[{"taxonomy":"category","embeddable":true,"href":"https:\/\/saaemb.sp.gov.br\/index.php\/wp-json\/wp\/v2\/categories?post=1542"},{"taxonomy":"post_tag","embeddable":true,"href":"https:\/\/saaemb.sp.gov.br\/index.php\/wp-json\/wp\/v2\/tags?post=1542"}],"curies":[{"name":"wp","href":"https:\/\/api.w.org\/{rel}","templated":true}]}}