{"id":1586,"date":"2022-09-20T19:11:44","date_gmt":"2022-09-20T22:11:44","guid":{"rendered":"https:\/\/saaemb.sp.gov.br\/?p=1586"},"modified":"2022-09-20T19:11:44","modified_gmt":"2022-09-20T22:11:44","slug":"buritama-faz-plantio-de-200-mudas-para-celebrar-o-dia-da-arvore","status":"publish","type":"post","link":"https:\/\/saaemb.sp.gov.br\/index.php\/2022\/09\/20\/buritama-faz-plantio-de-200-mudas-para-celebrar-o-dia-da-arvore\/","title":{"rendered":"Buritama faz plantio de 200 mudas para celebrar o Dia da \u00c1rvore"},"content":{"rendered":"\n<p>O Dia da \u00c1rvore \u00e9 celebrado amanh\u00e3 (21). Para comemorar, o munic\u00edpio de Buritama plantou hoje (20), 200 mudas de \u00e1rvores nativas, frut\u00edferas e ex\u00f3ticas na \u00e1rea verde do bairro Monte L\u00edbano. O evento aconteceu em dois per\u00edodos, com palestra educativa e plantio.<\/p>\n\n\n\n<p>A a\u00e7\u00e3o contou com aproximadamente 200 alunos e 4 professores, das escolas Maria do Carmo Cunha Guerbas e Nossa Senhora do Livramento. O objetivo foi criar uma for\u00e7a-tarefa para executar o plantio de \u00e1rvores em busca de aumentar a arboriza\u00e7\u00e3o do munic\u00edpio e tamb\u00e9m conscientizar as crian\u00e7as sobre a preserva\u00e7\u00e3o do meio ambiente.<\/p>\n\n\n\n<p>Segundo o diretor do Desenvolvimento Econ\u00f4mico, Agricultura e Meio Ambiente, Giancarlo Sanches Mestriner, a a\u00e7\u00e3o teve como meta ressaltar a import\u00e2ncia da preserva\u00e7\u00e3o e incentivar a prote\u00e7\u00e3o das \u00e1reas verdes. Ele citou ainda que o evento atendeu as metas da agenda mundial de 2030 em rela\u00e7\u00e3o ao desenvolvimento sustent\u00e1vel implantado pelos Objetivos de Desenvolvimento Sustent\u00e1vel (ODS).<\/p>\n\n\n\n<p>\u201cEssa a\u00e7\u00e3o \u00e9 vital para que a cidade se torne mais verde, al\u00e9m de ser uma forma de conscientizar as crian\u00e7as sobre a import\u00e2ncia da preserva\u00e7\u00e3o da natureza, j\u00e1 que as \u00e1rvores s\u00e3o respons\u00e1veis por emitir o oxig\u00eanio que respiramos, dar frutos, al\u00e9m de deixar a cidade mais bonita\u201d, comentou.<\/p>\n\n\n\n<p>Para Marina Z\u00f3zimo, coordenadora Fundi\u00e1rio, a parceria entre a empresa Tijo\u00e1 e o munic\u00edpio, al\u00e9m da comemora\u00e7\u00e3o ao Dia da \u00c1rvore, acontece o plantio de 200 mudas nativas. Ela disse ainda que o objetivo \u00e9 ensinar aos alunos sobre a import\u00e2ncia da \u00e1rvore para o planeta e apresentar o funcionamento da Usina Hidrel\u00e9trica de Tr\u00eas Irm\u00e3os.<\/p>\n\n\n\n<p>\u201cSempre \u00e9 muito importante trazer temas do meio ambiente para as crian\u00e7as, pois elas s\u00e3o multiplicadoras e a esperan\u00e7a para um futuro melhor para o nosso planeta\u201d, comentou ao salientar algumas dicas para preservar o meio ambiente, entre elas, preservar as \u00e1rvores, cuidar bem dos cursos da \u00e1gua, n\u00e3o pescar em \u00e1reas de reprodu\u00e7\u00e3o, n\u00e3o comprar animais silvestres sem registro, reduzir o consumo de \u00e1gua e energia el\u00e9trica, evitar andar apenas de carro e reutilizar tudo que for poss\u00edvel.<\/p>\n\n\n\n<p>Conforme Marina, \u00e9 fundamental diminuir os impactos ambientais, entre as a\u00e7\u00f5es individuais e coletivas, ela citou o replantio de floresta em \u00e1reas desmatadas; separa\u00e7\u00e3o, descarte adequado e reciclagem do lixo; economia de \u00e1gua; utiliza\u00e7\u00e3o de transportes coletivos; utiliza\u00e7\u00e3o de produtos biodegrad\u00e1veis e redu\u00e7\u00e3o do consumo.<\/p>\n\n\n\n<p>\u201cAs principais atividades causadoras dos impactos ambientais no planeta s\u00e3o a minera\u00e7\u00e3o, a agricultura, a explora\u00e7\u00e3o florestal, a produ\u00e7\u00e3o de energia, os transportes, as constru\u00e7\u00f5es civis como estradas e cidades, al\u00e9m das ind\u00fastrias b\u00e1sicas qu\u00edmicas e metal\u00fargicas\u201d, finalizou a coordenadora<\/p>\n\n\n\n<p>O evento contou com a parceria do Servi\u00e7o de \u00c1gua, Esgoto e Meio Ambiente de Buritama (SAAEMB) e da empresa Tijo\u00e1 da Usina Hidrel\u00e9trica Tr\u00eas Irm\u00e3os, localizada no munic\u00edpio de Andradina, na regi\u00e3o do baixo Tiet\u00ea, no estado de S\u00e3o Paulo.<\/p>\n\n\n\n<p><strong>Doa\u00e7\u00e3o de mudas<\/strong><\/p>\n\n\n\n<p>Para incentivar o plantio de \u00e1rvores, o Servi\u00e7o Aut\u00f4nomo de \u00c1gua, Esgoto e Meio Ambiente de Buritama (SAAEMB) distribui gratuitamente mudas de Oiti, Resed\u00e1, entre outras esp\u00e9cies. A retirada pode ser feita das 8h \u00e0s 12h e das 14h \u00e0s 17h, de segunda a sexta-feira, na autarquia.<\/p>\n\n\n\n<p>De acordo com o respons\u00e1vel pela Divis\u00e3o de Saneamento e Meio Ambiente do SAAEMB, Jefferson Pereira da Silva, para retirar a muda de \u00e1rvore, o morador precisa apresentar um documento pessoal e comprovante de endere\u00e7o para preencher o termo de responsabilidade.<\/p>\n\n\n\n<p>\u201cSomente o propriet\u00e1rio ou respons\u00e1vel pode retirar a muda, entre as orienta\u00e7\u00f5es, \u00e9 preciso plantar dentro de 10 dias no endere\u00e7o citado, plantar com a finalidade de arboriza\u00e7\u00e3o urbana, cuidar da esp\u00e9cie e cumprir as normas legais relativas ao corte e poda\u201d, explicou Jefferson ao dizer que ap\u00f3s 15 dias \u00e9 feita uma fiscaliza\u00e7\u00e3o.<\/p>\n\n\n\n<p>Conforme Let\u00edcia Souza Possani, Integrante do Conselho Municipal de Defesa do Meio Ambiente (COMDEMA) e Qu\u00edmica do SAAEMB, ao retirar a muda de \u00e1rvore, o morador assina um terno de compromisso para se comprometer em cuidar e zelar pelo crescimento da esp\u00e9cie.<\/p>\n\n\n\n<p>\u201cEssa iniciativa \u00e9 muito importante, pois, al\u00e9m de contribuir para o meio ambiente, tamb\u00e9m ajuda a conscientizar as pessoas, sobre a necessidade de participar ativamente da preserva\u00e7\u00e3o da natureza\u201d, enfatizou ainda que a autarquia tamb\u00e9m realiza fiscaliza\u00e7\u00e3o sobre podas dr\u00e1sticas para evitar danos ambientais\u201d, concluiu Let\u00edcia.<\/p>\n\n\n\n<p>Para o diretor do SAAEMB, Jos\u00e9 Eduardo Marins, o Dia da \u00c1rvore visa promover a preserva\u00e7\u00e3o das florestas e incentivar a prote\u00e7\u00e3o do meio ambiente. \u201cAl\u00e9m de participar de a\u00e7\u00f5es de conscientiza\u00e7\u00e3o, tamb\u00e9m distribu\u00edmos mudas para restaurar o verde, isso atrai p\u00e1ssaros, embeleza o munic\u00edpio e proporciona mais qualidade de vida aos moradores\u201d, concluiu o diretor.<\/p>\n\n\n\n<p><strong>Publicado: <\/strong>20\/09\/2022 \u2013 \u00e0s 19h12<\/p>\n\n\n\n<figure class=\"wp-block-gallery columns-3 is-cropped wp-block-gallery-1 is-layout-flex wp-block-gallery-is-layout-flex\"><ul class=\"blocks-gallery-grid\"><li class=\"blocks-gallery-item\"><figure><img decoding=\"async\" src=\"data:image\/gif;base64,R0lGODlhAQABAAAAACH5BAEKAAEALAAAAAABAAEAAAICTAEAOw==\" data-src=\"https:\/\/saaemb.sp.gov.br\/wp-content\/uploads\/2022\/09\/02-1-1024x683.jpg\" alt=\"\" data-id=\"1588\" data-full-url=\"https:\/\/saaemb.sp.gov.br\/wp-content\/uploads\/2022\/09\/02-1-scaled-1.jpg\" data-link=\"https:\/\/saaemb.sp.gov.br\/?attachment_id=1588\" class=\"wp-image-1588 lazyload\"\/><\/figure><\/li><li class=\"blocks-gallery-item\"><figure><img decoding=\"async\" src=\"data:image\/gif;base64,R0lGODlhAQABAAAAACH5BAEKAAEALAAAAAABAAEAAAICTAEAOw==\" data-src=\"https:\/\/saaemb.sp.gov.br\/wp-content\/uploads\/2022\/09\/03-1-1024x683.jpg\" alt=\"\" data-id=\"1589\" data-full-url=\"https:\/\/saaemb.sp.gov.br\/wp-content\/uploads\/2022\/09\/03-1-scaled-1.jpg\" data-link=\"https:\/\/saaemb.sp.gov.br\/?attachment_id=1589\" class=\"wp-image-1589 lazyload\"\/><\/figure><\/li><li class=\"blocks-gallery-item\"><figure><img decoding=\"async\" src=\"data:image\/gif;base64,R0lGODlhAQABAAAAACH5BAEKAAEALAAAAAABAAEAAAICTAEAOw==\" data-src=\"https:\/\/saaemb.sp.gov.br\/wp-content\/uploads\/2022\/09\/04-1-1024x683.jpg\" alt=\"\" data-id=\"1590\" data-full-url=\"https:\/\/saaemb.sp.gov.br\/wp-content\/uploads\/2022\/09\/04-1-scaled-1.jpg\" data-link=\"https:\/\/saaemb.sp.gov.br\/?attachment_id=1590\" class=\"wp-image-1590 lazyload\"\/><\/figure><\/li><li class=\"blocks-gallery-item\"><figure><img decoding=\"async\" src=\"data:image\/gif;base64,R0lGODlhAQABAAAAACH5BAEKAAEALAAAAAABAAEAAAICTAEAOw==\" data-src=\"https:\/\/saaemb.sp.gov.br\/wp-content\/uploads\/2022\/09\/05-1-1024x683.jpg\" alt=\"\" data-id=\"1591\" data-full-url=\"https:\/\/saaemb.sp.gov.br\/wp-content\/uploads\/2022\/09\/05-1-scaled-1.jpg\" data-link=\"https:\/\/saaemb.sp.gov.br\/?attachment_id=1591\" class=\"wp-image-1591 lazyload\"\/><\/figure><\/li><li class=\"blocks-gallery-item\"><figure><img decoding=\"async\" src=\"data:image\/gif;base64,R0lGODlhAQABAAAAACH5BAEKAAEALAAAAAABAAEAAAICTAEAOw==\" data-src=\"https:\/\/saaemb.sp.gov.br\/wp-content\/uploads\/2022\/09\/06-1-1024x683.jpg\" alt=\"\" data-id=\"1592\" data-full-url=\"https:\/\/saaemb.sp.gov.br\/wp-content\/uploads\/2022\/09\/06-1-scaled-1.jpg\" data-link=\"https:\/\/saaemb.sp.gov.br\/?attachment_id=1592\" class=\"wp-image-1592 lazyload\"\/><\/figure><\/li><li class=\"blocks-gallery-item\"><figure><img decoding=\"async\" src=\"data:image\/gif;base64,R0lGODlhAQABAAAAACH5BAEKAAEALAAAAAABAAEAAAICTAEAOw==\" data-src=\"https:\/\/saaemb.sp.gov.br\/wp-content\/uploads\/2022\/09\/07-1-1024x683.jpg\" alt=\"\" data-id=\"1593\" data-full-url=\"https:\/\/saaemb.sp.gov.br\/wp-content\/uploads\/2022\/09\/07-1-scaled-1.jpg\" data-link=\"https:\/\/saaemb.sp.gov.br\/?attachment_id=1593\" class=\"wp-image-1593 lazyload\"\/><\/figure><\/li><li class=\"blocks-gallery-item\"><figure><img decoding=\"async\" src=\"data:image\/gif;base64,R0lGODlhAQABAAAAACH5BAEKAAEALAAAAAABAAEAAAICTAEAOw==\" data-src=\"https:\/\/saaemb.sp.gov.br\/wp-content\/uploads\/2022\/09\/08-1-1024x683.jpg\" alt=\"\" data-id=\"1594\" data-full-url=\"https:\/\/saaemb.sp.gov.br\/wp-content\/uploads\/2022\/09\/08-1-scaled-1.jpg\" data-link=\"https:\/\/saaemb.sp.gov.br\/?attachment_id=1594\" class=\"wp-image-1594 lazyload\"\/><\/figure><\/li><li class=\"blocks-gallery-item\"><figure><img decoding=\"async\" src=\"data:image\/gif;base64,R0lGODlhAQABAAAAACH5BAEKAAEALAAAAAABAAEAAAICTAEAOw==\" data-src=\"https:\/\/saaemb.sp.gov.br\/wp-content\/uploads\/2022\/09\/09-1-1024x683.jpg\" alt=\"\" data-id=\"1595\" data-full-url=\"https:\/\/saaemb.sp.gov.br\/wp-content\/uploads\/2022\/09\/09-1-scaled-1.jpg\" data-link=\"https:\/\/saaemb.sp.gov.br\/?attachment_id=1595\" class=\"wp-image-1595 lazyload\"\/><\/figure><\/li><li class=\"blocks-gallery-item\"><figure><img decoding=\"async\" src=\"data:image\/gif;base64,R0lGODlhAQABAAAAACH5BAEKAAEALAAAAAABAAEAAAICTAEAOw==\" data-src=\"https:\/\/saaemb.sp.gov.br\/wp-content\/uploads\/2022\/09\/10-1-1024x683.jpg\" alt=\"\" data-id=\"1596\" data-full-url=\"https:\/\/saaemb.sp.gov.br\/wp-content\/uploads\/2022\/09\/10-1-scaled-1.jpg\" data-link=\"https:\/\/saaemb.sp.gov.br\/?attachment_id=1596\" class=\"wp-image-1596 lazyload\"\/><\/figure><\/li><li class=\"blocks-gallery-item\"><figure><img decoding=\"async\" src=\"data:image\/gif;base64,R0lGODlhAQABAAAAACH5BAEKAAEALAAAAAABAAEAAAICTAEAOw==\" data-src=\"https:\/\/saaemb.sp.gov.br\/wp-content\/uploads\/2022\/09\/11-1-1024x683.jpg\" alt=\"\" data-id=\"1597\" data-full-url=\"https:\/\/saaemb.sp.gov.br\/wp-content\/uploads\/2022\/09\/11-1-scaled-1.jpg\" data-link=\"https:\/\/saaemb.sp.gov.br\/?attachment_id=1597\" class=\"wp-image-1597 lazyload\"\/><\/figure><\/li><li class=\"blocks-gallery-item\"><figure><img decoding=\"async\" src=\"data:image\/gif;base64,R0lGODlhAQABAAAAACH5BAEKAAEALAAAAAABAAEAAAICTAEAOw==\" data-src=\"https:\/\/saaemb.sp.gov.br\/wp-content\/uploads\/2022\/09\/12-1-1024x683.jpg\" alt=\"\" data-id=\"1598\" data-full-url=\"https:\/\/saaemb.sp.gov.br\/wp-content\/uploads\/2022\/09\/12-1-scaled-1.jpg\" data-link=\"https:\/\/saaemb.sp.gov.br\/?attachment_id=1598\" class=\"wp-image-1598 lazyload\"\/><\/figure><\/li><li class=\"blocks-gallery-item\"><figure><img decoding=\"async\" src=\"data:image\/gif;base64,R0lGODlhAQABAAAAACH5BAEKAAEALAAAAAABAAEAAAICTAEAOw==\" data-src=\"https:\/\/saaemb.sp.gov.br\/wp-content\/uploads\/2022\/09\/13-1024x683.jpg\" alt=\"\" data-id=\"1599\" data-full-url=\"https:\/\/saaemb.sp.gov.br\/wp-content\/uploads\/2022\/09\/13-scaled-1.jpg\" data-link=\"https:\/\/saaemb.sp.gov.br\/?attachment_id=1599\" class=\"wp-image-1599 lazyload\"\/><\/figure><\/li><li class=\"blocks-gallery-item\"><figure><img decoding=\"async\" src=\"data:image\/gif;base64,R0lGODlhAQABAAAAACH5BAEKAAEALAAAAAABAAEAAAICTAEAOw==\" data-src=\"https:\/\/saaemb.sp.gov.br\/wp-content\/uploads\/2022\/09\/14-1024x683.jpg\" alt=\"\" data-id=\"1600\" data-full-url=\"https:\/\/saaemb.sp.gov.br\/wp-content\/uploads\/2022\/09\/14-scaled-1.jpg\" data-link=\"https:\/\/saaemb.sp.gov.br\/?attachment_id=1600\" class=\"wp-image-1600 lazyload\"\/><\/figure><\/li><li class=\"blocks-gallery-item\"><figure><img decoding=\"async\" src=\"data:image\/gif;base64,R0lGODlhAQABAAAAACH5BAEKAAEALAAAAAABAAEAAAICTAEAOw==\" data-src=\"https:\/\/saaemb.sp.gov.br\/wp-content\/uploads\/2022\/09\/02-2-1024x683.jpg\" alt=\"\" data-id=\"1601\" data-full-url=\"https:\/\/saaemb.sp.gov.br\/wp-content\/uploads\/2022\/09\/02-2-scaled-1.jpg\" data-link=\"https:\/\/saaemb.sp.gov.br\/?attachment_id=1601\" class=\"wp-image-1601 lazyload\"\/><\/figure><\/li><li class=\"blocks-gallery-item\"><figure><img decoding=\"async\" src=\"data:image\/gif;base64,R0lGODlhAQABAAAAACH5BAEKAAEALAAAAAABAAEAAAICTAEAOw==\" data-src=\"https:\/\/saaemb.sp.gov.br\/wp-content\/uploads\/2022\/09\/03-2-1024x683.jpg\" alt=\"\" data-id=\"1602\" data-full-url=\"https:\/\/saaemb.sp.gov.br\/wp-content\/uploads\/2022\/09\/03-2-scaled-1.jpg\" data-link=\"https:\/\/saaemb.sp.gov.br\/?attachment_id=1602\" class=\"wp-image-1602 lazyload\"\/><\/figure><\/li><li class=\"blocks-gallery-item\"><figure><img decoding=\"async\" src=\"data:image\/gif;base64,R0lGODlhAQABAAAAACH5BAEKAAEALAAAAAABAAEAAAICTAEAOw==\" data-src=\"https:\/\/saaemb.sp.gov.br\/wp-content\/uploads\/2022\/09\/04-2-1024x683.jpg\" alt=\"\" data-id=\"1603\" data-full-url=\"https:\/\/saaemb.sp.gov.br\/wp-content\/uploads\/2022\/09\/04-2-scaled-1.jpg\" data-link=\"https:\/\/saaemb.sp.gov.br\/?attachment_id=1603\" class=\"wp-image-1603 lazyload\"\/><\/figure><\/li><li class=\"blocks-gallery-item\"><figure><img decoding=\"async\" src=\"data:image\/gif;base64,R0lGODlhAQABAAAAACH5BAEKAAEALAAAAAABAAEAAAICTAEAOw==\" data-src=\"https:\/\/saaemb.sp.gov.br\/wp-content\/uploads\/2022\/09\/05-2-1024x683.jpg\" alt=\"\" data-id=\"1604\" data-full-url=\"https:\/\/saaemb.sp.gov.br\/wp-content\/uploads\/2022\/09\/05-2-scaled-1.jpg\" data-link=\"https:\/\/saaemb.sp.gov.br\/?attachment_id=1604\" class=\"wp-image-1604 lazyload\"\/><\/figure><\/li><li class=\"blocks-gallery-item\"><figure><img decoding=\"async\" src=\"data:image\/gif;base64,R0lGODlhAQABAAAAACH5BAEKAAEALAAAAAABAAEAAAICTAEAOw==\" data-src=\"https:\/\/saaemb.sp.gov.br\/wp-content\/uploads\/2022\/09\/06-2-1024x683.jpg\" alt=\"\" data-id=\"1605\" data-full-url=\"https:\/\/saaemb.sp.gov.br\/wp-content\/uploads\/2022\/09\/06-2-scaled-1.jpg\" data-link=\"https:\/\/saaemb.sp.gov.br\/?attachment_id=1605\" class=\"wp-image-1605 lazyload\"\/><\/figure><\/li><li class=\"blocks-gallery-item\"><figure><img decoding=\"async\" src=\"data:image\/gif;base64,R0lGODlhAQABAAAAACH5BAEKAAEALAAAAAABAAEAAAICTAEAOw==\" data-src=\"https:\/\/saaemb.sp.gov.br\/wp-content\/uploads\/2022\/09\/07-2-1024x683.jpg\" alt=\"\" data-id=\"1606\" data-full-url=\"https:\/\/saaemb.sp.gov.br\/wp-content\/uploads\/2022\/09\/07-2-scaled-1.jpg\" data-link=\"https:\/\/saaemb.sp.gov.br\/?attachment_id=1606\" class=\"wp-image-1606 lazyload\"\/><\/figure><\/li><li class=\"blocks-gallery-item\"><figure><img decoding=\"async\" src=\"data:image\/gif;base64,R0lGODlhAQABAAAAACH5BAEKAAEALAAAAAABAAEAAAICTAEAOw==\" data-src=\"https:\/\/saaemb.sp.gov.br\/wp-content\/uploads\/2022\/09\/08-2-1024x683.jpg\" alt=\"\" data-id=\"1607\" data-full-url=\"https:\/\/saaemb.sp.gov.br\/wp-content\/uploads\/2022\/09\/08-2-scaled-1.jpg\" data-link=\"https:\/\/saaemb.sp.gov.br\/?attachment_id=1607\" class=\"wp-image-1607 lazyload\"\/><\/figure><\/li><li class=\"blocks-gallery-item\"><figure><img decoding=\"async\" src=\"data:image\/gif;base64,R0lGODlhAQABAAAAACH5BAEKAAEALAAAAAABAAEAAAICTAEAOw==\" data-src=\"https:\/\/saaemb.sp.gov.br\/wp-content\/uploads\/2022\/09\/09-2-1024x683.jpg\" alt=\"\" data-id=\"1608\" data-full-url=\"https:\/\/saaemb.sp.gov.br\/wp-content\/uploads\/2022\/09\/09-2-scaled-1.jpg\" data-link=\"https:\/\/saaemb.sp.gov.br\/?attachment_id=1608\" class=\"wp-image-1608 lazyload\"\/><\/figure><\/li><li class=\"blocks-gallery-item\"><figure><img decoding=\"async\" src=\"data:image\/gif;base64,R0lGODlhAQABAAAAACH5BAEKAAEALAAAAAABAAEAAAICTAEAOw==\" data-src=\"https:\/\/saaemb.sp.gov.br\/wp-content\/uploads\/2022\/09\/10-2-1024x683.jpg\" alt=\"\" data-id=\"1609\" data-full-url=\"https:\/\/saaemb.sp.gov.br\/wp-content\/uploads\/2022\/09\/10-2-scaled-1.jpg\" data-link=\"https:\/\/saaemb.sp.gov.br\/?attachment_id=1609\" class=\"wp-image-1609 lazyload\"\/><\/figure><\/li><li class=\"blocks-gallery-item\"><figure><img decoding=\"async\" src=\"data:image\/gif;base64,R0lGODlhAQABAAAAACH5BAEKAAEALAAAAAABAAEAAAICTAEAOw==\" data-src=\"https:\/\/saaemb.sp.gov.br\/wp-content\/uploads\/2022\/09\/11-2-1024x683.jpg\" alt=\"\" data-id=\"1610\" data-full-url=\"https:\/\/saaemb.sp.gov.br\/wp-content\/uploads\/2022\/09\/11-2-scaled-1.jpg\" data-link=\"https:\/\/saaemb.sp.gov.br\/?attachment_id=1610\" class=\"wp-image-1610 lazyload\"\/><\/figure><\/li><li class=\"blocks-gallery-item\"><figure><img decoding=\"async\" src=\"data:image\/gif;base64,R0lGODlhAQABAAAAACH5BAEKAAEALAAAAAABAAEAAAICTAEAOw==\" data-src=\"https:\/\/saaemb.sp.gov.br\/wp-content\/uploads\/2022\/09\/12-2-1024x683.jpg\" alt=\"\" data-id=\"1611\" data-full-url=\"https:\/\/saaemb.sp.gov.br\/wp-content\/uploads\/2022\/09\/12-2-scaled-1.jpg\" data-link=\"https:\/\/saaemb.sp.gov.br\/?attachment_id=1611\" class=\"wp-image-1611 lazyload\"\/><\/figure><\/li><li class=\"blocks-gallery-item\"><figure><img decoding=\"async\" src=\"data:image\/gif;base64,R0lGODlhAQABAAAAACH5BAEKAAEALAAAAAABAAEAAAICTAEAOw==\" data-src=\"https:\/\/saaemb.sp.gov.br\/wp-content\/uploads\/2022\/09\/13-1-1024x683.jpg\" alt=\"\" data-id=\"1612\" data-full-url=\"https:\/\/saaemb.sp.gov.br\/wp-content\/uploads\/2022\/09\/13-1-scaled-1.jpg\" data-link=\"https:\/\/saaemb.sp.gov.br\/?attachment_id=1612\" class=\"wp-image-1612 lazyload\"\/><\/figure><\/li><li class=\"blocks-gallery-item\"><figure><img decoding=\"async\" src=\"data:image\/gif;base64,R0lGODlhAQABAAAAACH5BAEKAAEALAAAAAABAAEAAAICTAEAOw==\" data-src=\"https:\/\/saaemb.sp.gov.br\/wp-content\/uploads\/2022\/09\/14-1-1024x683.jpg\" alt=\"\" data-id=\"1613\" data-full-url=\"https:\/\/saaemb.sp.gov.br\/wp-content\/uploads\/2022\/09\/14-1-scaled-1.jpg\" data-link=\"https:\/\/saaemb.sp.gov.br\/?attachment_id=1613\" class=\"wp-image-1613 lazyload\"\/><\/figure><\/li><\/ul><\/figure>\n\n\n\n<p><\/p>\n\n","protected":false},"excerpt":{"rendered":"<p>O Dia da \u00c1rvore \u00e9 celebrado amanh\u00e3 (21). Para comemorar, o munic\u00edpio de Buritama plantou hoje (20), 200 mudas de \u00e1rvores nativas, frut\u00edferas e ex\u00f3ticas na \u00e1rea verde do bairro Monte L\u00edbano. O evento aconteceu em dois per\u00edodos, com palestra educativa e plantio. A a\u00e7\u00e3o contou com aproximadamente 200 alunos e 4 professores, das escolas [&hellip;]<\/p>\n","protected":false},"author":1,"featured_media":1587,"comment_status":"open","ping_status":"open","sticky":false,"template":"","format":"standard","meta":{"footnotes":""},"categories":[26,19],"tags":[],"class_list":["post-1586","post","type-post","status-publish","format-standard","has-post-thumbnail","hentry","category-dia-da-arvore","category-sem-categoria"],"_links":{"self":[{"href":"https:\/\/saaemb.sp.gov.br\/index.php\/wp-json\/wp\/v2\/posts\/1586","targetHints":{"allow":["GET"]}}],"collection":[{"href":"https:\/\/saaemb.sp.gov.br\/index.php\/wp-json\/wp\/v2\/posts"}],"about":[{"href":"https:\/\/saaemb.sp.gov.br\/index.php\/wp-json\/wp\/v2\/types\/post"}],"author":[{"embeddable":true,"href":"https:\/\/saaemb.sp.gov.br\/index.php\/wp-json\/wp\/v2\/users\/1"}],"replies":[{"embeddable":true,"href":"https:\/\/saaemb.sp.gov.br\/index.php\/wp-json\/wp\/v2\/comments?post=1586"}],"version-history":[{"count":0,"href":"https:\/\/saaemb.sp.gov.br\/index.php\/wp-json\/wp\/v2\/posts\/1586\/revisions"}],"wp:featuredmedia":[{"embeddable":true,"href":"https:\/\/saaemb.sp.gov.br\/index.php\/wp-json\/wp\/v2\/media\/1587"}],"wp:attachment":[{"href":"https:\/\/saaemb.sp.gov.br\/index.php\/wp-json\/wp\/v2\/media?parent=1586"}],"wp:term":[{"taxonomy":"category","embeddable":true,"href":"https:\/\/saaemb.sp.gov.br\/index.php\/wp-json\/wp\/v2\/categories?post=1586"},{"taxonomy":"post_tag","embeddable":true,"href":"https:\/\/saaemb.sp.gov.br\/index.php\/wp-json\/wp\/v2\/tags?post=1586"}],"curies":[{"name":"wp","href":"https:\/\/api.w.org\/{rel}","templated":true}]}}