{"id":1620,"date":"2022-09-21T14:11:15","date_gmt":"2022-09-21T17:11:15","guid":{"rendered":"https:\/\/saaemb.sp.gov.br\/?p=1620"},"modified":"2022-09-21T14:11:15","modified_gmt":"2022-09-21T17:11:15","slug":"buritama-participa-de-capacitacao-para-seguranca-em-barragens","status":"publish","type":"post","link":"https:\/\/saaemb.sp.gov.br\/index.php\/2022\/09\/21\/buritama-participa-de-capacitacao-para-seguranca-em-barragens\/","title":{"rendered":"Defesa Civil participa de capacita\u00e7\u00e3o para seguran\u00e7a em barragens"},"content":{"rendered":"\n<p>A Defesa Civil do Estado de S\u00e3o Paulo realizou na hoje (21), em S\u00e3o Jos\u00e9 do Rio Preto, capacita\u00e7\u00e3o de seguran\u00e7a de barragens e elabora\u00e7\u00e3o de plano de conting\u00eancia. O evento teve como finalidade apoiar os munic\u00edpios nos processos de integra\u00e7\u00e3o com empreendedores de usinas hidrel\u00e9tricas, no planejamento e execu\u00e7\u00e3o de a\u00e7\u00f5es para eventuais emerg\u00eancias.<\/p>\n\n\n\n<p>Os temas abordados durante o encontro foram: Sistema Nacional de Prote\u00e7\u00e3o e Defesa Civil; aspectos legais da Pol\u00edtica Nacional de Seguran\u00e7a de Barragens; plano de a\u00e7\u00e3o de emerg\u00eancia com foco no papel do poder p\u00fablico municipal e sua integra\u00e7\u00e3o com o empreendedor; m\u00e9todo para estimativa preliminar de manchas de inunda\u00e7\u00e3o; elabora\u00e7\u00e3o do plano de conting\u00eancia municipal; elabora\u00e7\u00e3o do plano de conting\u00eancia municipal para barragem.<\/p>\n\n\n\n<p>Representaram o munic\u00edpio de Buritama, o diretor do Desenvolvimento Econ\u00f4mico, Agricultura e Meio Ambiente e presidente do Conselho Municipal de Defesa Civil (COMDEC), Giancarlo Sanches Mestriner, a secret\u00e1ria-executiva do COMDEC e Qu\u00edmica do Servi\u00e7o Aut\u00f4nomo de \u00c1gua, Esgoto e Meio Ambiente (SAAEMB), Let\u00edcia Souza Possani, o respons\u00e1vel da Divis\u00e3o de Saneamento e Meio Ambiente Jefferson Pereira da Silva, e e o fiscal de limpeza p\u00fablica, Robert Felipe da Silva. <\/p>\n\n\n\n<p>Para Giancarlo, o treinamento foi importante para uma melhor gest\u00e3o de riscos na cidade. Ele comentou ainda que a capacita\u00e7\u00e3o contribui para implementar a cultura de seguran\u00e7a e preven\u00e7\u00e3o \u00e0 popula\u00e7\u00e3o. \u201cO encontro foi uma excelente ferramenta de aprendizado e atualiza\u00e7\u00e3o, sendo que ajuda no aperfei\u00e7oamento das t\u00e9cnicas e na cria\u00e7\u00e3o do plano de conting\u00eancia municipal para barragem\u201d, disse o diretor.<\/p>\n\n\n\n<p>Segundo Let\u00edcia, o treinamento teve como objetivo aprimorar e ampliar os conhecimentos na seguran\u00e7a em barragens. \u201c\u00c9 fundamental termos a cultura da preven\u00e7\u00e3o e tamb\u00e9m estarmos preparados para combater desastres. Em raz\u00e3o da barragem na cidade, ter um plano de a\u00e7\u00e3o poder\u00e1 contribuir positivamente para proteger vidas, propriedades e o meio ambiente\u201d, comentou.<\/p>\n\n\n\n<p>O diretor do SAAEMB, Jos\u00e9 Eduardo Marins, comentou sobre a import\u00e2ncia da preven\u00e7\u00e3o e do envolvimento das autoridades e dos moradores no combate de ocorr\u00eancias. \u201cEm momentos de desespero \u00e9 fundamental termos uma equipe treinada para que possamos agir de forma estrat\u00e9gica e eficiente para evitar desastres naturais e tecnol\u00f3gicos\u201d, enfatizou.<\/p>\n\n\n\n<p>A Defesa Civil de Buritama conta com 12 membros, entre servi\u00e7os p\u00fablicos, representantes da sociedade civil e brigadistas e foi criado pelo decreto n\u00ba 108\/85, de 13 de dezembro de 1985. Para mais informa\u00e7\u00f5es, ligue (18) 3691-9200.<\/p>\n\n\n\n<p><strong>Publicado:\u00a0<\/strong>21\/09\/2022 \u2013 \u00e0s 14h12<\/p>\n\n","protected":false},"excerpt":{"rendered":"<p>A Defesa Civil do Estado de S\u00e3o Paulo realizou na hoje (21), em S\u00e3o Jos\u00e9 do Rio Preto, capacita\u00e7\u00e3o de seguran\u00e7a de barragens e elabora\u00e7\u00e3o de plano de conting\u00eancia. O evento teve como finalidade apoiar os munic\u00edpios nos processos de integra\u00e7\u00e3o com empreendedores de usinas hidrel\u00e9tricas, no planejamento e execu\u00e7\u00e3o de a\u00e7\u00f5es para eventuais emerg\u00eancias. [&hellip;]<\/p>\n","protected":false},"author":1,"featured_media":1623,"comment_status":"open","ping_status":"open","sticky":false,"template":"","format":"standard","meta":{"footnotes":""},"categories":[27],"tags":[],"class_list":["post-1620","post","type-post","status-publish","format-standard","has-post-thumbnail","hentry","category-capacitacao"],"_links":{"self":[{"href":"https:\/\/saaemb.sp.gov.br\/index.php\/wp-json\/wp\/v2\/posts\/1620","targetHints":{"allow":["GET"]}}],"collection":[{"href":"https:\/\/saaemb.sp.gov.br\/index.php\/wp-json\/wp\/v2\/posts"}],"about":[{"href":"https:\/\/saaemb.sp.gov.br\/index.php\/wp-json\/wp\/v2\/types\/post"}],"author":[{"embeddable":true,"href":"https:\/\/saaemb.sp.gov.br\/index.php\/wp-json\/wp\/v2\/users\/1"}],"replies":[{"embeddable":true,"href":"https:\/\/saaemb.sp.gov.br\/index.php\/wp-json\/wp\/v2\/comments?post=1620"}],"version-history":[{"count":0,"href":"https:\/\/saaemb.sp.gov.br\/index.php\/wp-json\/wp\/v2\/posts\/1620\/revisions"}],"wp:featuredmedia":[{"embeddable":true,"href":"https:\/\/saaemb.sp.gov.br\/index.php\/wp-json\/wp\/v2\/media\/1623"}],"wp:attachment":[{"href":"https:\/\/saaemb.sp.gov.br\/index.php\/wp-json\/wp\/v2\/media?parent=1620"}],"wp:term":[{"taxonomy":"category","embeddable":true,"href":"https:\/\/saaemb.sp.gov.br\/index.php\/wp-json\/wp\/v2\/categories?post=1620"},{"taxonomy":"post_tag","embeddable":true,"href":"https:\/\/saaemb.sp.gov.br\/index.php\/wp-json\/wp\/v2\/tags?post=1620"}],"curies":[{"name":"wp","href":"https:\/\/api.w.org\/{rel}","templated":true}]}}