{"id":1627,"date":"2022-09-22T10:54:31","date_gmt":"2022-09-22T13:54:31","guid":{"rendered":"https:\/\/saaemb.sp.gov.br\/?p=1627"},"modified":"2022-09-22T10:54:31","modified_gmt":"2022-09-22T13:54:31","slug":"dia-da-arvore-e-comemorado-com-contacao-de-historia-plantio-e-doacao-de-sementes","status":"publish","type":"post","link":"https:\/\/saaemb.sp.gov.br\/index.php\/2022\/09\/22\/dia-da-arvore-e-comemorado-com-contacao-de-historia-plantio-e-doacao-de-sementes\/","title":{"rendered":"Dia da \u00c1rvore \u00e9 comemorado com conta\u00e7\u00e3o de hist\u00f3ria, plantio e doa\u00e7\u00e3o de sementes"},"content":{"rendered":"\n<p>Em comemora\u00e7\u00e3o ao Dia da \u00c1rvore, celebrado ontem (21), a Escola Municipal de Ensino Infantil (Emei) Odete Feroldi e a creche Rubens Ant\u00f4nio, em parceria com o Servi\u00e7o Aut\u00f4nomo de \u00c1gua, Esgoto e Meio Ambiente (SAAEMB) realizaram atividades l\u00fadicas para conscientizar as crian\u00e7as sobre a necessidade de cuidar do meio ambiente.<\/p>\n\n\n\n<p>A autarquia disponibilizou mudas de Resed\u00e1 e doou sementes de Ac\u00e1cia Branca ou moringa, como tamb\u00e9m \u00e9 conhecida. A autarquia tamb\u00e9m distribui gratuitamente mudas de \u00e1rvores, de segunda a sexta-feira, das 8h \u00e0s 12h e das 14h \u00e0s 17h.<\/p>\n\n\n\n<p>O morador ou respons\u00e1vel pela resid\u00eancia precisa apresentar um documento pessoal e comprovante de resid\u00eancia, al\u00e9m de assinar um termo de compromisso. Ele ter\u00e1 10 dias para fazer o plantio, em 15 dias, \u00e9 feita uma fiscaliza\u00e7\u00e3o para verificar se foi a muda de \u00e1rvore foi plantada.<\/p>\n\n\n\n<p>Para o diretor do SAAEMB, Jos\u00e9 Eduardo Marins, o Dia da \u00c1rvore \u00e9 uma data para mostrar \u00e0s crian\u00e7as a import\u00e2ncia do meio ambiente. Ele disse que pequenas iniciativas podem influenciar como, por exemplo, plantar novas mudas em frente das casas, evitar o desperd\u00edcio de \u00e1gua, n\u00e3o fazer poda dr\u00e1stica, entre outras medidas.<\/p>\n\n\n\n<p>\u201cA educa\u00e7\u00e3o ambiental \u00e9 uma ferramenta fundamental para educar a popula\u00e7\u00e3o e mudar a realidade do nosso planeta. O SAAEMB acredita que a doa\u00e7\u00e3o de mudas pode contribuir para melhorar a qualidade do ar e deixar o munic\u00edpio mais verde, o que proporcionar\u00e1 mais qualidade de vida e a volta os p\u00e1ssaros para a cidade\u201d, concluiu o diretor.<\/p>\n\n\n\n<p>O Dia da \u00c1rvore \u00e9 comemorado no Brasil em 21 de setembro. A data foi escolhida por causa do in\u00edcio da primavera que ter\u00e1 in\u00edcio na sexta-feira, 23 de setembro no hemisf\u00e9rio Sul.<\/p>\n\n\n\n<p><strong>ODETE FEROLDI<\/strong><\/p>\n\n\n\n<p>Quando o professor tem em suas m\u00e3os um livro, tudo que est\u00e1 ao seu redor fica em sil\u00eancio para ouvir uma bela hist\u00f3ria. A tradi\u00e7\u00e3o oral, pautada pela fic\u00e7\u00e3o ou pela narra\u00e7\u00e3o de fatos, faz parte dos projetos da Emei (Escola Municipal de Ensino Infantil) Odete Feroldi e conta com a participa\u00e7\u00e3o dos professores.<\/p>\n\n\n\n<p>Para celebrar o Dia da \u00c1rvore, cerca de 140 alunos, entre 4 a 5 anos, participaram da conta\u00e7\u00e3o de hist\u00f3ria e do plantio de muda de Resed\u00e1. A professora Elaine Graziela de Oliveira contou a f\u00e1bula \u201cA \u00e1rvore de Beto\u201d, de Ruth Rocha. A a\u00e7\u00e3o \u00e9 uma parceria com o Servi\u00e7o Aut\u00f4nomo de \u00c1gua, Esgoto e Meio Ambiente de Buritama (SAAEMB) que disponibilizou as mudas e doou sementes de Ac\u00e1cia Branca ou moringa.<\/p>\n\n\n\n<p>\u201cQuando contamos hist\u00f3rias, as crian\u00e7as aprendem e refletem sobre valores, comportamentos, responsabilidades, desenvolvem o senso cr\u00edtico, forma opini\u00f5es, exerce a empatia, compartilha conhecimento\u201d, explicou Elaine, ao dizer que o projeto busca de maneira l\u00fadica ensinar as crian\u00e7as e valores morais.<\/p>\n\n\n\n<p>Segundo a professora, o projeto acontece toda semana e aproveita as datas comemorativas para trabalhar temas importantes com a crian\u00e7ada. \u201cPara n\u00f3s n\u00e3o \u00e9 apenas uma data comemorativa. \u00c9 uma responsabilidade de despertar nos alunos o compromisso em preservar o meio ambiente de todas as maneiras poss\u00edveis, inclusive plantando \u00e1rvores, j\u00e1 que moramos num lugar que nos oferece essa oportunidade\u201d, enfatizou.<\/p>\n\n\n\n<p>Conforme a diretora, Patricia Passarine de Jesus Bearari, o projeto de conta\u00e7\u00e3o de hist\u00f3rias estimula a imagina\u00e7\u00e3o, a oralidade, a escrita e desenvolve o prazer pela leitura. \u201cTudo que \u00e9 ensinado de forma concreta e l\u00fadica dentro de um contexto, jamais se esquece, sendo assim, a crian\u00e7a vai lembrar, portanto, \u00e9 de suma import\u00e2ncia a a\u00e7\u00e3o de plantar e de cuidar das \u00e1rvores, devido sua relev\u00e2ncia ao meio ambiente\u201d, comentou.<\/p>\n\n\n\n<p>A diretora frisou tamb\u00e9m que o Dia da \u00c1rvore \u00e9 uma oportunidade para refor\u00e7ar bons valores. \u201cPodemos influenciar as crian\u00e7as com exemplos e atitudes. Na escola, temos como regra a preserva\u00e7\u00e3o do meio ambiente com atitudes di\u00e1rias como manter limpo o meio que estamos, guardar materiais, n\u00e3o desperdi\u00e7ar \u00e1gua, energia e alimentos, al\u00e9m de valorizar e respeitar os espa\u00e7os\u201d, concluiu Patricia.<\/p>\n\n\n\n<p><strong>RUBENS ANT\u00d4NIO<\/strong><\/p>\n\n\n\n<p>A creche municipal Rubens Ant\u00f4nio realizou hoje (21) o plantio de 3 mudas para comemorar o Dia da \u00c1rvore. A unidade conta com 60 crian\u00e7as entre 2 a 4 anos. A a\u00e7\u00e3o \u00e9 uma parceria com o Servi\u00e7o Aut\u00f4nomo de \u00c1gua, Esgoto e Meio Ambiente de Buritama (SAAEMB) que disponibilizou as mudas de Resed\u00e1 para a unidade escolar.<\/p>\n\n\n\n<p>Para a coordenadora da creche, Hilda Maria da Silva Ferreira, durante o m\u00eas de setembro foram desenvolvidas atividades com figuras, desenhos e pain\u00e9is para refor\u00e7ar a necessidade sobre os cuidados com as \u00e1rvores. \u201c\u00c9 importante desenvolver nas crian\u00e7as a conscientiza\u00e7\u00e3o dessa grande riqueza natural\u201d, comentou.<\/p>\n\n\n\n<p>De acordo com ela, \u00e9 fundamental estimular o amor pela natureza e na sala de aula os professores trabalham com v\u00eddeos, m\u00fasicas e conta\u00e7\u00e3o de hist\u00f3rias para transmitir a preserva\u00e7\u00e3o ambiental. \u201cCelebrar o dia de algo muito especial \u00e9 essencial para a sobreviv\u00eancia humana. As \u00e1rvores d\u00e3o frutos, nos trazem sombra, ar, vida, verde e s\u00e3o a casa de muitas esp\u00e9cies de animais\u201d, finalizou.<\/p>\n\n\n\n<p><strong>Publicado:\u00a0<\/strong>22\/09\/2022 \u2013 \u00e0s 10h54<\/p>\n\n\n\n<figure class=\"wp-block-gallery columns-3 is-cropped wp-block-gallery-1 is-layout-flex wp-block-gallery-is-layout-flex\"><ul class=\"blocks-gallery-grid\"><li class=\"blocks-gallery-item\"><figure><img decoding=\"async\" src=\"data:image\/gif;base64,R0lGODlhAQABAAAAACH5BAEKAAEALAAAAAABAAEAAAICTAEAOw==\" data-src=\"https:\/\/saaemb.sp.gov.br\/wp-content\/uploads\/2022\/09\/01-5-1024x683.jpg\" alt=\"\" data-id=\"1629\" data-full-url=\"https:\/\/saaemb.sp.gov.br\/wp-content\/uploads\/2022\/09\/01-5-scaled-1.jpg\" data-link=\"https:\/\/saaemb.sp.gov.br\/?attachment_id=1629\" class=\"wp-image-1629 lazyload\"\/><\/figure><\/li><li class=\"blocks-gallery-item\"><figure><img decoding=\"async\" src=\"data:image\/gif;base64,R0lGODlhAQABAAAAACH5BAEKAAEALAAAAAABAAEAAAICTAEAOw==\" data-src=\"https:\/\/saaemb.sp.gov.br\/wp-content\/uploads\/2022\/09\/03-3-1024x683.jpg\" alt=\"\" data-id=\"1630\" data-full-url=\"https:\/\/saaemb.sp.gov.br\/wp-content\/uploads\/2022\/09\/03-3-scaled-1.jpg\" data-link=\"https:\/\/saaemb.sp.gov.br\/?attachment_id=1630\" class=\"wp-image-1630 lazyload\"\/><\/figure><\/li><li class=\"blocks-gallery-item\"><figure><img decoding=\"async\" src=\"data:image\/gif;base64,R0lGODlhAQABAAAAACH5BAEKAAEALAAAAAABAAEAAAICTAEAOw==\" data-src=\"https:\/\/saaemb.sp.gov.br\/wp-content\/uploads\/2022\/09\/04-3-1024x697.jpg\" alt=\"\" data-id=\"1631\" data-full-url=\"https:\/\/saaemb.sp.gov.br\/wp-content\/uploads\/2022\/09\/04-3-scaled-1.jpg\" data-link=\"https:\/\/saaemb.sp.gov.br\/?attachment_id=1631\" class=\"wp-image-1631 lazyload\"\/><\/figure><\/li><li class=\"blocks-gallery-item\"><figure><img decoding=\"async\" src=\"data:image\/gif;base64,R0lGODlhAQABAAAAACH5BAEKAAEALAAAAAABAAEAAAICTAEAOw==\" data-src=\"https:\/\/saaemb.sp.gov.br\/wp-content\/uploads\/2022\/09\/05-3-1024x718.jpg\" alt=\"\" data-id=\"1632\" data-full-url=\"https:\/\/saaemb.sp.gov.br\/wp-content\/uploads\/2022\/09\/05-3-scaled-1.jpg\" data-link=\"https:\/\/saaemb.sp.gov.br\/?attachment_id=1632\" class=\"wp-image-1632 lazyload\"\/><\/figure><\/li><li class=\"blocks-gallery-item\"><figure><img decoding=\"async\" src=\"data:image\/gif;base64,R0lGODlhAQABAAAAACH5BAEKAAEALAAAAAABAAEAAAICTAEAOw==\" data-src=\"https:\/\/saaemb.sp.gov.br\/wp-content\/uploads\/2022\/09\/06-3-1024x696.jpg\" alt=\"\" data-id=\"1633\" data-full-url=\"https:\/\/saaemb.sp.gov.br\/wp-content\/uploads\/2022\/09\/06-3-scaled-1.jpg\" data-link=\"https:\/\/saaemb.sp.gov.br\/?attachment_id=1633\" class=\"wp-image-1633 lazyload\"\/><\/figure><\/li><li class=\"blocks-gallery-item\"><figure><img decoding=\"async\" src=\"data:image\/gif;base64,R0lGODlhAQABAAAAACH5BAEKAAEALAAAAAABAAEAAAICTAEAOw==\" data-src=\"https:\/\/saaemb.sp.gov.br\/wp-content\/uploads\/2022\/09\/07-3-1024x683.jpg\" alt=\"\" data-id=\"1634\" data-full-url=\"https:\/\/saaemb.sp.gov.br\/wp-content\/uploads\/2022\/09\/07-3-scaled-1.jpg\" data-link=\"https:\/\/saaemb.sp.gov.br\/?attachment_id=1634\" class=\"wp-image-1634 lazyload\"\/><\/figure><\/li><li class=\"blocks-gallery-item\"><figure><img decoding=\"async\" src=\"data:image\/gif;base64,R0lGODlhAQABAAAAACH5BAEKAAEALAAAAAABAAEAAAICTAEAOw==\" data-src=\"https:\/\/saaemb.sp.gov.br\/wp-content\/uploads\/2022\/09\/08-3-1024x683.jpg\" alt=\"\" data-id=\"1635\" data-full-url=\"https:\/\/saaemb.sp.gov.br\/wp-content\/uploads\/2022\/09\/08-3-scaled-1.jpg\" data-link=\"https:\/\/saaemb.sp.gov.br\/?attachment_id=1635\" class=\"wp-image-1635 lazyload\"\/><\/figure><\/li><li class=\"blocks-gallery-item\"><figure><img decoding=\"async\" src=\"data:image\/gif;base64,R0lGODlhAQABAAAAACH5BAEKAAEALAAAAAABAAEAAAICTAEAOw==\" data-src=\"https:\/\/saaemb.sp.gov.br\/wp-content\/uploads\/2022\/09\/09-3-1024x683.jpg\" alt=\"\" data-id=\"1636\" data-full-url=\"https:\/\/saaemb.sp.gov.br\/wp-content\/uploads\/2022\/09\/09-3-scaled-1.jpg\" data-link=\"https:\/\/saaemb.sp.gov.br\/?attachment_id=1636\" class=\"wp-image-1636 lazyload\"\/><\/figure><\/li><li class=\"blocks-gallery-item\"><figure><img decoding=\"async\" src=\"data:image\/gif;base64,R0lGODlhAQABAAAAACH5BAEKAAEALAAAAAABAAEAAAICTAEAOw==\" data-src=\"https:\/\/saaemb.sp.gov.br\/wp-content\/uploads\/2022\/09\/10-3-1024x683.jpg\" alt=\"\" data-id=\"1637\" data-full-url=\"https:\/\/saaemb.sp.gov.br\/wp-content\/uploads\/2022\/09\/10-3-scaled-1.jpg\" data-link=\"https:\/\/saaemb.sp.gov.br\/?attachment_id=1637\" class=\"wp-image-1637 lazyload\"\/><\/figure><\/li><\/ul><\/figure>\n\n","protected":false},"excerpt":{"rendered":"<p>Em comemora\u00e7\u00e3o ao Dia da \u00c1rvore, celebrado ontem (21), a Escola Municipal de Ensino Infantil (Emei) Odete Feroldi e a creche Rubens Ant\u00f4nio, em parceria com o Servi\u00e7o Aut\u00f4nomo de \u00c1gua, Esgoto e Meio Ambiente (SAAEMB) realizaram atividades l\u00fadicas para conscientizar as crian\u00e7as sobre a necessidade de cuidar do meio ambiente. A autarquia disponibilizou mudas [&hellip;]<\/p>\n","protected":false},"author":1,"featured_media":1628,"comment_status":"open","ping_status":"open","sticky":false,"template":"","format":"standard","meta":{"footnotes":""},"categories":[26],"tags":[],"class_list":["post-1627","post","type-post","status-publish","format-standard","has-post-thumbnail","hentry","category-dia-da-arvore"],"_links":{"self":[{"href":"https:\/\/saaemb.sp.gov.br\/index.php\/wp-json\/wp\/v2\/posts\/1627","targetHints":{"allow":["GET"]}}],"collection":[{"href":"https:\/\/saaemb.sp.gov.br\/index.php\/wp-json\/wp\/v2\/posts"}],"about":[{"href":"https:\/\/saaemb.sp.gov.br\/index.php\/wp-json\/wp\/v2\/types\/post"}],"author":[{"embeddable":true,"href":"https:\/\/saaemb.sp.gov.br\/index.php\/wp-json\/wp\/v2\/users\/1"}],"replies":[{"embeddable":true,"href":"https:\/\/saaemb.sp.gov.br\/index.php\/wp-json\/wp\/v2\/comments?post=1627"}],"version-history":[{"count":0,"href":"https:\/\/saaemb.sp.gov.br\/index.php\/wp-json\/wp\/v2\/posts\/1627\/revisions"}],"wp:featuredmedia":[{"embeddable":true,"href":"https:\/\/saaemb.sp.gov.br\/index.php\/wp-json\/wp\/v2\/media\/1628"}],"wp:attachment":[{"href":"https:\/\/saaemb.sp.gov.br\/index.php\/wp-json\/wp\/v2\/media?parent=1627"}],"wp:term":[{"taxonomy":"category","embeddable":true,"href":"https:\/\/saaemb.sp.gov.br\/index.php\/wp-json\/wp\/v2\/categories?post=1627"},{"taxonomy":"post_tag","embeddable":true,"href":"https:\/\/saaemb.sp.gov.br\/index.php\/wp-json\/wp\/v2\/tags?post=1627"}],"curies":[{"name":"wp","href":"https:\/\/api.w.org\/{rel}","templated":true}]}}