{"id":1648,"date":"2022-09-23T11:40:38","date_gmt":"2022-09-23T14:40:38","guid":{"rendered":"https:\/\/saaemb.sp.gov.br\/?p=1648"},"modified":"2022-09-23T11:40:38","modified_gmt":"2022-09-23T14:40:38","slug":"radio-torre-forte-entrevista-leticia-possani-e-giancarlo-mestriner-sobre-os-desafios-de-cuidar-do-meio-ambiente","status":"publish","type":"post","link":"https:\/\/saaemb.sp.gov.br\/index.php\/2022\/09\/23\/radio-torre-forte-entrevista-leticia-possani-e-giancarlo-mestriner-sobre-os-desafios-de-cuidar-do-meio-ambiente\/","title":{"rendered":"R\u00e1dio Torre Forte entrevista Let\u00edcia Possani e Giancarlo Mestriner sobre os desafios de cuidar do meio ambiente"},"content":{"rendered":"\n<p>A Qu\u00edmica do Servi\u00e7o Aut\u00f4nomo de \u00c1gua, Esgoto e Meio Ambiente (SAAEMB) e integrante do Conselho Municipal de Defesa do Meio Ambiente (COMDEMA) Let\u00edcia Souza Possani e o diretor do Desenvolvimento Econ\u00f4mico, Agricultura e Meio Ambiente, Giancarlo Sanches Mestriner, participaram hoje (23) de entrevista na r\u00e1dio Torre Forte com o apresentador Gilmar Freitas Carvalho.<\/p>\n\n\n\n<p>Os entrevistados comentaram sobre o Dia da \u00c1rvore celebrado na quarta-feira (21). Para comemorar, o munic\u00edpio de Buritama plantou, na ter\u00e7a-feira (20), 200 mudas de \u00e1rvores nativas, frut\u00edferas e ex\u00f3ticas na \u00e1rea verde do bairro Monte L\u00edbano. O evento aconteceu em dois per\u00edodos, com palestra educativa e plantio.<\/p>\n\n\n\n<p>A a\u00e7\u00e3o contou com aproximadamente 200 alunos e 4 professores, das escolas Maria do Carmo Cunha Guerbas e Nossa Senhora do Livramento. O objetivo foi criar uma for\u00e7a-tarefa para executar o plantio de \u00e1rvores em busca de aumentar a arboriza\u00e7\u00e3o do munic\u00edpio e tamb\u00e9m conscientizar as crian\u00e7as sobre a preserva\u00e7\u00e3o do meio ambiente.<\/p>\n\n\n\n<p>\u201cEssa a\u00e7\u00e3o \u00e9 vital para que a cidade se torne mais verde, al\u00e9m de ser uma forma de conscientizar as crian\u00e7as sobre a import\u00e2ncia da preserva\u00e7\u00e3o da natureza, j\u00e1 que as \u00e1rvores s\u00e3o respons\u00e1veis por emitir o oxig\u00eanio que respiramos, dar frutos, al\u00e9m de deixar a cidade mais bonita\u201d, comentou Mestriner.<\/p>\n\n\n\n<p>Para o diretor do SAAEMB, Jos\u00e9 Eduardo Marins, o Dia da \u00c1rvore visa promover a preserva\u00e7\u00e3o das florestas e incentivar a prote\u00e7\u00e3o do meio ambiente. \u201cAl\u00e9m de participar de a\u00e7\u00f5es de conscientiza\u00e7\u00e3o, tamb\u00e9m distribu\u00edmos mudas para restaurar o verde, isso atrai p\u00e1ssaros, embeleza o munic\u00edpio e proporciona mais qualidade de vida aos moradores\u201d, concluiu o diretor.<\/p>\n\n\n\n<p><strong>Doa\u00e7\u00e3o de mudas<\/strong><\/p>\n\n\n\n<p>Para incentivar o plantio de \u00e1rvores, o Servi\u00e7o Aut\u00f4nomo de \u00c1gua, Esgoto e Meio Ambiente de Buritama (SAAEMB) distribui gratuitamente mudas de Oiti, Resed\u00e1, entre outras esp\u00e9cies. A retirada pode ser feita das 8h \u00e0s 12h e das 14h \u00e0s 17h, de segunda a sexta-feira, na autarquia.<\/p>\n\n\n\n<p>De acordo com o respons\u00e1vel pela Divis\u00e3o de Saneamento e Meio Ambiente do SAAEMB, Jefferson Pereira da Silva, para retirar a muda de \u00e1rvore, o morador precisa apresentar um documento pessoal e comprovante de endere\u00e7o para preencher o termo de responsabilidade.<\/p>\n\n\n\n<p>\u201cSomente o propriet\u00e1rio ou respons\u00e1vel pode retirar a muda, entre as orienta\u00e7\u00f5es, \u00e9 preciso plantar dentro de 10 dias no endere\u00e7o citado, plantar com a finalidade de arboriza\u00e7\u00e3o urbana, cuidar da esp\u00e9cie e cumprir as normas legais relativas ao corte e poda\u201d, explicou Jefferson ao dizer que ap\u00f3s 15 dias \u00e9 feita uma fiscaliza\u00e7\u00e3o.<\/p>\n\n\n\n<p><strong>Publicado:\u00a0<\/strong>23\/09\/2022 \u2013 \u00e0s 11h30<\/p>\n\n","protected":false},"excerpt":{"rendered":"<p>A Qu\u00edmica do Servi\u00e7o Aut\u00f4nomo de \u00c1gua, Esgoto e Meio Ambiente (SAAEMB) e integrante do Conselho Municipal de Defesa do Meio Ambiente (COMDEMA) Let\u00edcia Souza Possani e o diretor do Desenvolvimento Econ\u00f4mico, Agricultura e Meio Ambiente, Giancarlo Sanches Mestriner, participaram hoje (23) de entrevista na r\u00e1dio Torre Forte com o apresentador Gilmar Freitas Carvalho. Os [&hellip;]<\/p>\n","protected":false},"author":1,"featured_media":1649,"comment_status":"open","ping_status":"open","sticky":false,"template":"","format":"standard","meta":{"footnotes":""},"categories":[28],"tags":[],"class_list":["post-1648","post","type-post","status-publish","format-standard","has-post-thumbnail","hentry","category-entrevista"],"_links":{"self":[{"href":"https:\/\/saaemb.sp.gov.br\/index.php\/wp-json\/wp\/v2\/posts\/1648","targetHints":{"allow":["GET"]}}],"collection":[{"href":"https:\/\/saaemb.sp.gov.br\/index.php\/wp-json\/wp\/v2\/posts"}],"about":[{"href":"https:\/\/saaemb.sp.gov.br\/index.php\/wp-json\/wp\/v2\/types\/post"}],"author":[{"embeddable":true,"href":"https:\/\/saaemb.sp.gov.br\/index.php\/wp-json\/wp\/v2\/users\/1"}],"replies":[{"embeddable":true,"href":"https:\/\/saaemb.sp.gov.br\/index.php\/wp-json\/wp\/v2\/comments?post=1648"}],"version-history":[{"count":0,"href":"https:\/\/saaemb.sp.gov.br\/index.php\/wp-json\/wp\/v2\/posts\/1648\/revisions"}],"wp:featuredmedia":[{"embeddable":true,"href":"https:\/\/saaemb.sp.gov.br\/index.php\/wp-json\/wp\/v2\/media\/1649"}],"wp:attachment":[{"href":"https:\/\/saaemb.sp.gov.br\/index.php\/wp-json\/wp\/v2\/media?parent=1648"}],"wp:term":[{"taxonomy":"category","embeddable":true,"href":"https:\/\/saaemb.sp.gov.br\/index.php\/wp-json\/wp\/v2\/categories?post=1648"},{"taxonomy":"post_tag","embeddable":true,"href":"https:\/\/saaemb.sp.gov.br\/index.php\/wp-json\/wp\/v2\/tags?post=1648"}],"curies":[{"name":"wp","href":"https:\/\/api.w.org\/{rel}","templated":true}]}}