{"id":1653,"date":"2022-09-26T15:49:07","date_gmt":"2022-09-26T18:49:07","guid":{"rendered":"https:\/\/saaemb.sp.gov.br\/?p=1653"},"modified":"2022-09-26T15:49:07","modified_gmt":"2022-09-26T18:49:07","slug":"comdema-promove-reuniao-para-discutir-temas-ambientais","status":"publish","type":"post","link":"https:\/\/saaemb.sp.gov.br\/index.php\/2022\/09\/26\/comdema-promove-reuniao-para-discutir-temas-ambientais\/","title":{"rendered":"COMDEMA promove reuni\u00e3o para discutir temas ambientais"},"content":{"rendered":"\n<p>Os participantes do Conselho Municipal de Defesa do Meio Ambiente (COMDEMA) reuniram hoje (26), na Casa da Agricultura de Buritama, para discutir a\u00e7\u00f5es ambientais. Entre os temas, o grupo debateu sobre a cria\u00e7\u00e3o da Casa do Meio Ambiente, poda dr\u00e1stica, coleta de lixo recicl\u00e1vel, instala\u00e7\u00e3o de placas de sinaliza\u00e7\u00e3o de travessia de tartarugas e mudan\u00e7a na legisla\u00e7\u00e3o.<\/p>\n\n\n\n<p>O \u00f3rg\u00e3o \u00e9 respons\u00e1vel em debater solu\u00e7\u00f5es e fiscalizar para uma melhor utiliza\u00e7\u00e3o dos recursos naturais dentro da pauta da prefeitura municipal. O objetivo \u00e9 trabalhar a cidadania, a busca por formar cidad\u00e3os conscientes e desenvolver projetos em parceria com o poder p\u00fablico e sociedade civil. A pr\u00f3xima reuni\u00e3o est\u00e1 prevista para o dia 26 de outubro, na Casa da Agricultura.<\/p>\n\n\n\n<p>Para a presidente do conselho, Patr\u00edcia Yaiko Nakatu Duarte, o COMDEMA \u00e9 importante para mobilizar e envolver a popula\u00e7\u00e3o em a\u00e7\u00f5es efetivas sobre os cuidados com o meio ambiente. \u201cO Conselho Municipal do Meio Ambiente busca solu\u00e7\u00f5es para o uso correto dos recursos naturais e recupera\u00e7\u00e3o dos danos ambientais. O conselho tamb\u00e9m incentiva a educa\u00e7\u00e3o ambiental, entre outras a\u00e7\u00f5es\u201d, concluiu.<\/p>\n\n\n\n<p><strong>COMDEMA<\/strong><\/p>\n\n\n\n<p>\u00c9 um \u00f3rg\u00e3o local, de composi\u00e7\u00e3o parit\u00e1ria, com car\u00e1ter consultivo, deliberativo e contribui em a\u00e7\u00f5es com a prefeitura, em quest\u00f5es voltadas ao meio ambiente, em toda a \u00e1rea do munic\u00edpio. O conselho \u00e9 presidido pela engenheira agr\u00f4noma Patr\u00edcia Yaiko Nakatu Duarte e conta com 16 membros, sendo 8 do poder p\u00fablico e 8 representantes da sociedade civil.<\/p>\n\n\n\n<p><strong>Publicado:\u00a0<\/strong>26\/09\/2022 \u2013 \u00e0s 15h49<\/p>\n\n","protected":false},"excerpt":{"rendered":"<p>Os participantes do Conselho Municipal de Defesa do Meio Ambiente (COMDEMA) reuniram hoje (26), na Casa da Agricultura de Buritama, para discutir a\u00e7\u00f5es ambientais. Entre os temas, o grupo debateu sobre a cria\u00e7\u00e3o da Casa do Meio Ambiente, poda dr\u00e1stica, coleta de lixo recicl\u00e1vel, instala\u00e7\u00e3o de placas de sinaliza\u00e7\u00e3o de travessia de tartarugas e mudan\u00e7a [&hellip;]<\/p>\n","protected":false},"author":1,"featured_media":1654,"comment_status":"open","ping_status":"open","sticky":false,"template":"","format":"standard","meta":{"footnotes":""},"categories":[29],"tags":[],"class_list":["post-1653","post","type-post","status-publish","format-standard","has-post-thumbnail","hentry","category-comdema"],"_links":{"self":[{"href":"https:\/\/saaemb.sp.gov.br\/index.php\/wp-json\/wp\/v2\/posts\/1653","targetHints":{"allow":["GET"]}}],"collection":[{"href":"https:\/\/saaemb.sp.gov.br\/index.php\/wp-json\/wp\/v2\/posts"}],"about":[{"href":"https:\/\/saaemb.sp.gov.br\/index.php\/wp-json\/wp\/v2\/types\/post"}],"author":[{"embeddable":true,"href":"https:\/\/saaemb.sp.gov.br\/index.php\/wp-json\/wp\/v2\/users\/1"}],"replies":[{"embeddable":true,"href":"https:\/\/saaemb.sp.gov.br\/index.php\/wp-json\/wp\/v2\/comments?post=1653"}],"version-history":[{"count":0,"href":"https:\/\/saaemb.sp.gov.br\/index.php\/wp-json\/wp\/v2\/posts\/1653\/revisions"}],"wp:featuredmedia":[{"embeddable":true,"href":"https:\/\/saaemb.sp.gov.br\/index.php\/wp-json\/wp\/v2\/media\/1654"}],"wp:attachment":[{"href":"https:\/\/saaemb.sp.gov.br\/index.php\/wp-json\/wp\/v2\/media?parent=1653"}],"wp:term":[{"taxonomy":"category","embeddable":true,"href":"https:\/\/saaemb.sp.gov.br\/index.php\/wp-json\/wp\/v2\/categories?post=1653"},{"taxonomy":"post_tag","embeddable":true,"href":"https:\/\/saaemb.sp.gov.br\/index.php\/wp-json\/wp\/v2\/tags?post=1653"}],"curies":[{"name":"wp","href":"https:\/\/api.w.org\/{rel}","templated":true}]}}