{"id":1688,"date":"2022-10-05T07:39:05","date_gmt":"2022-10-05T10:39:05","guid":{"rendered":"https:\/\/saaemb.sp.gov.br\/?p=1688"},"modified":"2022-10-05T07:39:05","modified_gmt":"2022-10-05T10:39:05","slug":"buritama-ganha-ecoponto-para-combater-descarte-irregular-de-vidros","status":"publish","type":"post","link":"https:\/\/saaemb.sp.gov.br\/index.php\/2022\/10\/05\/buritama-ganha-ecoponto-para-combater-descarte-irregular-de-vidros\/","title":{"rendered":"Buritama ganha Ecoponto para combater descarte irregular de vidros"},"content":{"rendered":"\n<p>O munic\u00edpio de Buritama, por meio do Departamento de Meio Ambiente e do Conselho de Defesa do Meio Ambiente (COMDEMA), em parceria com o Servi\u00e7o Aut\u00f4nomo de \u00c1gua, Esgoto e Meio Ambiente (SAAEMB) implantaram um Ecoponto destinado a log\u00edstica reversa de vidros. O local fica no almoxarifado e o acesso \u00e9 pela rua Chafic Jos\u00e9 Abdo.<\/p>\n\n\n\n<p>O espa\u00e7o disponibilizado \u00e0 popula\u00e7\u00e3o \u00e9 destinado a entrega volunt\u00e1ria de todos os tipos de vidros, os quais s\u00e3o descartados separados nas cores, verde, marrom e incolor, no intuito de evitar o descarte irregular dos res\u00edduos no aterro municipal, em terrenos baldios ou ruas da cidade.<\/p>\n\n\n\n<p>Com a implanta\u00e7\u00e3o do Ecoponto, os moradores e comerciantes podem descartar potes de conservas, embalagens, copos, garrafas, fracos de rem\u00e9dios e vidros em geral. \u00c9 preciso que a popula\u00e7\u00e3o leve os materiais sem sobra de alimentos ou com \u00e1gua, para n\u00e3o atrair insetos e o mosquito Aedes aegypti, causador da dengue, zika e chikungunya.<\/p>\n\n\n\n<p>O casal Jo\u00e3o Duarte Rosa e Sizenilda Marcelina de Miranda Rosa s\u00e3o moradores conscientes sobre a preserva\u00e7\u00e3o do meio ambiente. Ambos separam \u00f3leo usado de cozinha e d\u00e3o o destino correto ao produto. Tamb\u00e9m aderiram a coleta de garrafas de vidro e descartam os vasilhames no almoxarifado.<\/p>\n\n\n\n<p>Segundo Sizenilda, com a cria\u00e7\u00e3o do ecoponto, o casal ir\u00e1 aderir a novidade para o descarte correto das garrafas. \u201cMeu marido e eu sempre demos muita import\u00e2ncia ao meio ambiente, ent\u00e3o, com a cria\u00e7\u00e3o desse local, para n\u00f3s, foi uma solu\u00e7\u00e3o muito esperada para o problema de colocar os vidros no lixo\u201d, comentou ao salientar que ser\u00e1 importante ampliar o projeto para conseguir a ades\u00e3o dos moradores.<\/p>\n\n\n\n<p>O marido Jo\u00e3o, al\u00e9m de ir com a esposa levar as garrafas, tamb\u00e9m busca dos moradores pr\u00f3ximo da sua casa. Ele abordou os vizinhos e se colocou \u00e0 disposi\u00e7\u00e3o para levar todos os vasilhames ao Ecoponto. \u201c\u00c9 uma maneira de fazer uma pol\u00edtica do bem. Mesmo que as pessoas n\u00e3o tenham coragem ou tempo para descartar corretamente, pedi para deixassem em casa, j\u00e1 que vou levar as minhas, eu levo as dos vizinhos\u201d, explicou ao argumentar que um pequeno gesto pode transformar uma sociedade.<\/p>\n\n\n\n<p>O diretor do Desenvolvimento Econ\u00f4mico, Agricultura e Meio Ambiente, Giancarlo Sanches Mestriner, destacou que o local busca promover a conscientiza\u00e7\u00e3o das pessoas e oferecer qualidade ambiental e sustentabilidade a cidade. \u201cCom a implanta\u00e7\u00e3o do novo Ecoponto, os moradores e comerciantes ter\u00e3o a op\u00e7\u00e3o de fazer o descarte correto dos res\u00edduos\u201d, frisou ao dizer que todo material ser\u00e1 recolhido por uma empresa especializada em reciclagem de vidros.<\/p>\n\n\n\n<p>Para o diretor do SAAEMB, Jos\u00e9 Eduardo Marins, a a\u00e7\u00e3o tem como objetivo contribuir para a prote\u00e7\u00e3o da sa\u00fade p\u00fablica e do meio ambiente. \u201cO local, conhecido como Ecoponto de vidros, tem a fun\u00e7\u00e3o de receber as embalagens e garantir sua destina\u00e7\u00e3o final de forma correta\u201d, finalizou.<\/p>\n\n\n\n<p><strong>Servi\u00e7o<\/strong><\/p>\n\n\n\n<p>O Ecoponto fica localizado na rua Chafic Jos\u00e9 Abdo, no pr\u00e9dio do almoxarifado municipal, ao lado da guarita de entrada. Os moradores podem descartar o material a qualquer hor\u00e1rio ou dia da semana. O acesso \u00e9 externo n\u00e3o havendo necessidade de entrar no local.\u00a0 Informa\u00e7\u00f5es sobre o projeto pode ser obtido pelo telefone (18) 3691-9200.<\/p>\n\n\n\n<p><strong>Publicado:\u00a0<\/strong>05\/10\/2022 \u2013 \u00e0s 07h39<\/p>\n\n","protected":false},"excerpt":{"rendered":"<p>O munic\u00edpio de Buritama, por meio do Departamento de Meio Ambiente e do Conselho de Defesa do Meio Ambiente (COMDEMA), em parceria com o Servi\u00e7o Aut\u00f4nomo de \u00c1gua, Esgoto e Meio Ambiente (SAAEMB) implantaram um Ecoponto destinado a log\u00edstica reversa de vidros. O local fica no almoxarifado e o acesso \u00e9 pela rua Chafic Jos\u00e9 [&hellip;]<\/p>\n","protected":false},"author":1,"featured_media":1689,"comment_status":"open","ping_status":"open","sticky":false,"template":"","format":"standard","meta":{"footnotes":""},"categories":[30],"tags":[],"class_list":["post-1688","post","type-post","status-publish","format-standard","has-post-thumbnail","hentry","category-meio-ambiente"],"_links":{"self":[{"href":"https:\/\/saaemb.sp.gov.br\/index.php\/wp-json\/wp\/v2\/posts\/1688","targetHints":{"allow":["GET"]}}],"collection":[{"href":"https:\/\/saaemb.sp.gov.br\/index.php\/wp-json\/wp\/v2\/posts"}],"about":[{"href":"https:\/\/saaemb.sp.gov.br\/index.php\/wp-json\/wp\/v2\/types\/post"}],"author":[{"embeddable":true,"href":"https:\/\/saaemb.sp.gov.br\/index.php\/wp-json\/wp\/v2\/users\/1"}],"replies":[{"embeddable":true,"href":"https:\/\/saaemb.sp.gov.br\/index.php\/wp-json\/wp\/v2\/comments?post=1688"}],"version-history":[{"count":0,"href":"https:\/\/saaemb.sp.gov.br\/index.php\/wp-json\/wp\/v2\/posts\/1688\/revisions"}],"wp:featuredmedia":[{"embeddable":true,"href":"https:\/\/saaemb.sp.gov.br\/index.php\/wp-json\/wp\/v2\/media\/1689"}],"wp:attachment":[{"href":"https:\/\/saaemb.sp.gov.br\/index.php\/wp-json\/wp\/v2\/media?parent=1688"}],"wp:term":[{"taxonomy":"category","embeddable":true,"href":"https:\/\/saaemb.sp.gov.br\/index.php\/wp-json\/wp\/v2\/categories?post=1688"},{"taxonomy":"post_tag","embeddable":true,"href":"https:\/\/saaemb.sp.gov.br\/index.php\/wp-json\/wp\/v2\/tags?post=1688"}],"curies":[{"name":"wp","href":"https:\/\/api.w.org\/{rel}","templated":true}]}}