{"id":1698,"date":"2022-10-12T08:00:00","date_gmt":"2022-10-12T11:00:00","guid":{"rendered":"https:\/\/saaemb.sp.gov.br\/?p=1698"},"modified":"2022-10-12T08:00:00","modified_gmt":"2022-10-12T11:00:00","slug":"saaemb-o-impacto-dos-desastres-naturais-pode-ser-reduzido-com-medidas-de-conscientizacao","status":"publish","type":"post","link":"https:\/\/saaemb.sp.gov.br\/index.php\/2022\/10\/12\/saaemb-o-impacto-dos-desastres-naturais-pode-ser-reduzido-com-medidas-de-conscientizacao\/","title":{"rendered":"SAAEMB: o impacto dos desastres naturais pode ser reduzido com medidas de conscientiza\u00e7\u00e3o"},"content":{"rendered":"\n<p>A mudan\u00e7a clim\u00e1tica \u00e9 a principal respons\u00e1vel pelo aumento dos desastres naturais pelo mundo, alerta a Organiza\u00e7\u00e3o das Na\u00e7\u00f5es Unidas (ONU). No Brasil, milhares de pessoas morrem todo ano por causa de inunda\u00e7\u00f5es e deslizamentos de terra. O munic\u00edpio de Buritama est\u00e1 distante das cat\u00e1strofes, mas o que cada morador pode fazer para diminuir o impacto das mudan\u00e7as clim\u00e1ticas?<\/p>\n\n\n\n<p>O primeiro passo \u00e9 entender que cada morador \u00e9 respons\u00e1vel por cuidar do meio ambiente e para dialogar sobre o Dia Mundial para Preven\u00e7\u00e3o de Desastres Naturais, celebrado hoje (12), o Servi\u00e7o Aut\u00f4nomo de \u00c1gua, Esgoto e Meio Ambiente (SAAEMB), busca refletir sobre a responsabilidade de cada um em favor do Planeta, no intuito de construir uma sociedade mais consciente.<\/p>\n\n\n\n<p>Em 2015, aconteceu a 3\u00ba Confer\u00eancia Mundial sobre Redu\u00e7\u00e3o de Risco de Desastres, em Sendai, no Jap\u00e3o. Com o encontro, surgiu a Declara\u00e7\u00e3o de Sendai, considerada um marco para reduzir os desastres naturais ao redor do mundo. Em setembro, do mesmo ano, a ONU prop\u00f4s a 193 pa\u00edses a Agenda 2030, composta por 17 diretivas voltadas para os Objetivos de Desenvolvimento Sustent\u00e1vel (ODS), com a meta de combater as mudan\u00e7as clim\u00e1ticas e os impactos nas cidades.<\/p>\n\n\n\n<p>Para o diretor do SAAEMB, Jos\u00e9 Eduardo Marins, o munic\u00edpio de Buritama n\u00e3o est\u00e1 no cen\u00e1rio das cat\u00e1strofes, no entanto, segundo ele, n\u00e3o impede de realizar a\u00e7\u00f5es de preven\u00e7\u00e3o. Ele citou ainda que a popula\u00e7\u00e3o j\u00e1 sente os efeitos do aquecimento global, com fortes temperaturas e a queda constante da umidade.<\/p>\n\n\n\n<p>\u201cPequenas a\u00e7\u00f5es podem contribuir para ajudar o meio ambiente, entre elas, evitar de jogar lixo em bueiros, n\u00e3o realizar podas dr\u00e1sticas, preservar matas nativas, plantar \u00e1rvores em frente de suas resid\u00eancias e dar o descarte correto para os eletrodom\u00e9sticos, pilhas e baterias. Colaborar para a preserva\u00e7\u00e3o do meio ambiente, \u00e9 contribuir para a nossa qualidade de vida\u201d, concluiu o diretor.<\/p>\n\n\n\n<p>Em caso de emerg\u00eancia, o morador pode ligar para a Defesa Civil pelo telefone 199, ou Corpo de Bombeiros, no 193. Em Buritama, o morador pode ligar no n\u00famero (18) 3691-9200, da prefeitura municipal que ir\u00e1 encaminhar para a Defesa Civil local.<\/p>\n\n\n\n<p><strong>Dicas \u00fateis<\/strong><\/p>\n\n\n\n<ul class=\"wp-block-list\"><li>Preserve \u00e1reas verdes e matas ciliares;<\/li><li>Denuncie ocupa\u00e7\u00e3o em \u00e1rea de risco, desmatamento e queimadas;<\/li><li>Se chover por muitos dias ou por horas, esteja alerto sobre o risco de inunda\u00e7\u00e3o e deslizamentos;<\/li><li>Acompanhe os boletins meteorol\u00f3gicos e as not\u00edcias dos meios de comunica\u00e7\u00e3o;<\/li><\/ul>\n\n\n\n<p><strong>Publicado:\u00a0<\/strong>12\/10\/2022 \u2013 \u00e0s 08h<\/p>\n\n","protected":false},"excerpt":{"rendered":"<p>A mudan\u00e7a clim\u00e1tica \u00e9 a principal respons\u00e1vel pelo aumento dos desastres naturais pelo mundo, alerta a Organiza\u00e7\u00e3o das Na\u00e7\u00f5es Unidas (ONU). No Brasil, milhares de pessoas morrem todo ano por causa de inunda\u00e7\u00f5es e deslizamentos de terra. O munic\u00edpio de Buritama est\u00e1 distante das cat\u00e1strofes, mas o que cada morador pode fazer para diminuir o [&hellip;]<\/p>\n","protected":false},"author":1,"featured_media":1699,"comment_status":"open","ping_status":"open","sticky":false,"template":"","format":"standard","meta":{"footnotes":""},"categories":[30],"tags":[],"class_list":["post-1698","post","type-post","status-publish","format-standard","has-post-thumbnail","hentry","category-meio-ambiente"],"_links":{"self":[{"href":"https:\/\/saaemb.sp.gov.br\/index.php\/wp-json\/wp\/v2\/posts\/1698","targetHints":{"allow":["GET"]}}],"collection":[{"href":"https:\/\/saaemb.sp.gov.br\/index.php\/wp-json\/wp\/v2\/posts"}],"about":[{"href":"https:\/\/saaemb.sp.gov.br\/index.php\/wp-json\/wp\/v2\/types\/post"}],"author":[{"embeddable":true,"href":"https:\/\/saaemb.sp.gov.br\/index.php\/wp-json\/wp\/v2\/users\/1"}],"replies":[{"embeddable":true,"href":"https:\/\/saaemb.sp.gov.br\/index.php\/wp-json\/wp\/v2\/comments?post=1698"}],"version-history":[{"count":0,"href":"https:\/\/saaemb.sp.gov.br\/index.php\/wp-json\/wp\/v2\/posts\/1698\/revisions"}],"wp:featuredmedia":[{"embeddable":true,"href":"https:\/\/saaemb.sp.gov.br\/index.php\/wp-json\/wp\/v2\/media\/1699"}],"wp:attachment":[{"href":"https:\/\/saaemb.sp.gov.br\/index.php\/wp-json\/wp\/v2\/media?parent=1698"}],"wp:term":[{"taxonomy":"category","embeddable":true,"href":"https:\/\/saaemb.sp.gov.br\/index.php\/wp-json\/wp\/v2\/categories?post=1698"},{"taxonomy":"post_tag","embeddable":true,"href":"https:\/\/saaemb.sp.gov.br\/index.php\/wp-json\/wp\/v2\/tags?post=1698"}],"curies":[{"name":"wp","href":"https:\/\/api.w.org\/{rel}","templated":true}]}}