{"id":1710,"date":"2022-10-20T07:29:51","date_gmt":"2022-10-20T10:29:51","guid":{"rendered":"https:\/\/saaemb.sp.gov.br\/?p=1710"},"modified":"2022-10-20T07:29:51","modified_gmt":"2022-10-20T10:29:51","slug":"primavera-e-a-estacao-das-flores-e-da-reproducao-dos-passaros-confira-orientacoes-do-saaemb","status":"publish","type":"post","link":"https:\/\/saaemb.sp.gov.br\/index.php\/2022\/10\/20\/primavera-e-a-estacao-das-flores-e-da-reproducao-dos-passaros-confira-orientacoes-do-saaemb\/","title":{"rendered":"Primavera \u00e9 a esta\u00e7\u00e3o das flores e da reprodu\u00e7\u00e3o dos p\u00e1ssaros: confira orienta\u00e7\u00f5es do SAAEMB"},"content":{"rendered":"\n<p>A primavera come\u00e7ou oficialmente no final de setembro e vai at\u00e9 o dia 21 de dezembro. \u00c9 um per\u00edodo onde os moradores podem observar a flora\u00e7\u00e3o das \u00e1rvores, o retorno dos p\u00e1ssaros e a rea\u00e7\u00e3o da natureza ao fim da seca e o in\u00edcio das chuvas. Com as mudan\u00e7as no clima tamb\u00e9m ser\u00e1 poss\u00edvel ver o aumento dos alimentos e o in\u00edcio do per\u00edodo reprodutivo.<\/p>\n\n\n\n<p>A esta\u00e7\u00e3o \u00e9 conhecida como a renova\u00e7\u00e3o da vida, para que esse objetivo seja alcan\u00e7ado um fator torna-se fundamental nessa somat\u00f3ria: o ecossistema. Ter oferta de alimento e abrigo \u00e9 necess\u00e1rio para evitar que aves deixem de ser um atrativo prazeroso no munic\u00edpio. A \u00e1rvore \u00e9 essencial nesse processo e ter um munic\u00edpio arborizado ajuda a manuten\u00e7\u00e3o da biodiversidade.<\/p>\n\n\n\n<p>\u00c9 nesse momento que os seres humanos podem contribuir, seja no plantio de novas mudas de \u00e1rvores, ou por meio de uma poda consciente em \u00e1reas urbanas. Nas cidades, os benef\u00edcios se multiplicam com a diminui\u00e7\u00e3o da polui\u00e7\u00e3o sonora, com a cria\u00e7\u00e3o de barreiras de prote\u00e7\u00e3o contra o vento, reduzem a luminosidade excessiva e ainda fornecem a sombra.<\/p>\n\n\n\n<p>Segundo o diretor do Servi\u00e7o Aut\u00f4nomo de \u00c1gua, Esgoto e Meio Ambiente (SAAEMB), Jos\u00e9 Eduardo Marins, as \u00e1rvores s\u00e3o fundamentais para a regula\u00e7\u00e3o da temperatura, umidade e qualidade do ar. Ele citou ainda que para um processo satisfat\u00f3rio, \u00e9 preciso ter um ecossistema saud\u00e1vel com oferta de alimento e abrigo, o que pode ser ofertado pelas \u00e1rvores.<\/p>\n\n\n\n<p>\u201cElas podem contribuir de diversas maneiras para a manuten\u00e7\u00e3o da qualidade de vida da popula\u00e7\u00e3o e dos animais. Diante de todos os benef\u00edcios n\u00e3o restam d\u00favidas sobre a import\u00e2ncia de plantar uma \u00e1rvore. Toda pessoa precisa passar por essa experi\u00eancia, al\u00e9m de garantir uma beleza c\u00eanica a cidade, tamb\u00e9m \u00e9 enriquecedor cuidar do meio ambiente\u201d, enfatizou.<\/p>\n\n\n\n<p>Para obter um plantio consciente, o morador, al\u00e9m de cuidar diariamente da muda, ele precisa se atentar para alguns pontos importantes, entre eles, se questionar se a \u00e1rvore \u00e9 de uma esp\u00e9cie nativa, se oferece frutos, se poder\u00e1 disponibilizar p\u00f3len e n\u00e9ctar para as abelhas, compreender como \u00e9 o ciclo de desenvolvimento e buscar informa\u00e7\u00f5es sobre as regras urbanas da prefeitura municipal.<\/p>\n\n\n\n<p><strong>Publicado:\u00a0<\/strong>20\/10\/2022 \u2013 \u00e0s 07h30<\/p>\n\n","protected":false},"excerpt":{"rendered":"<p>A primavera come\u00e7ou oficialmente no final de setembro e vai at\u00e9 o dia 21 de dezembro. \u00c9 um per\u00edodo onde os moradores podem observar a flora\u00e7\u00e3o das \u00e1rvores, o retorno dos p\u00e1ssaros e a rea\u00e7\u00e3o da natureza ao fim da seca e o in\u00edcio das chuvas. Com as mudan\u00e7as no clima tamb\u00e9m ser\u00e1 poss\u00edvel ver [&hellip;]<\/p>\n","protected":false},"author":1,"featured_media":1711,"comment_status":"open","ping_status":"open","sticky":false,"template":"","format":"standard","meta":{"footnotes":""},"categories":[30],"tags":[],"class_list":["post-1710","post","type-post","status-publish","format-standard","has-post-thumbnail","hentry","category-meio-ambiente"],"_links":{"self":[{"href":"https:\/\/saaemb.sp.gov.br\/index.php\/wp-json\/wp\/v2\/posts\/1710","targetHints":{"allow":["GET"]}}],"collection":[{"href":"https:\/\/saaemb.sp.gov.br\/index.php\/wp-json\/wp\/v2\/posts"}],"about":[{"href":"https:\/\/saaemb.sp.gov.br\/index.php\/wp-json\/wp\/v2\/types\/post"}],"author":[{"embeddable":true,"href":"https:\/\/saaemb.sp.gov.br\/index.php\/wp-json\/wp\/v2\/users\/1"}],"replies":[{"embeddable":true,"href":"https:\/\/saaemb.sp.gov.br\/index.php\/wp-json\/wp\/v2\/comments?post=1710"}],"version-history":[{"count":0,"href":"https:\/\/saaemb.sp.gov.br\/index.php\/wp-json\/wp\/v2\/posts\/1710\/revisions"}],"wp:featuredmedia":[{"embeddable":true,"href":"https:\/\/saaemb.sp.gov.br\/index.php\/wp-json\/wp\/v2\/media\/1711"}],"wp:attachment":[{"href":"https:\/\/saaemb.sp.gov.br\/index.php\/wp-json\/wp\/v2\/media?parent=1710"}],"wp:term":[{"taxonomy":"category","embeddable":true,"href":"https:\/\/saaemb.sp.gov.br\/index.php\/wp-json\/wp\/v2\/categories?post=1710"},{"taxonomy":"post_tag","embeddable":true,"href":"https:\/\/saaemb.sp.gov.br\/index.php\/wp-json\/wp\/v2\/tags?post=1710"}],"curies":[{"name":"wp","href":"https:\/\/api.w.org\/{rel}","templated":true}]}}