{"id":1726,"date":"2022-10-25T16:59:13","date_gmt":"2022-10-25T19:59:13","guid":{"rendered":"https:\/\/saaemb.sp.gov.br\/?p=1726"},"modified":"2022-10-25T16:59:13","modified_gmt":"2022-10-25T19:59:13","slug":"representante-do-saaemb-participa-da-12o-conferencia-da-crianca-e-do-adolescente","status":"publish","type":"post","link":"https:\/\/saaemb.sp.gov.br\/index.php\/2022\/10\/25\/representante-do-saaemb-participa-da-12o-conferencia-da-crianca-e-do-adolescente\/","title":{"rendered":"Representante do SAAEMB participa da 12\u00ba Confer\u00eancia da Crian\u00e7a e do Adolescente"},"content":{"rendered":"<p>Os direitos das crian\u00e7as e dos adolescentes foram discutidos nesta ter\u00e7a-feira (25), na 12\u00aa Confer\u00eancia Municipal realizada no anfiteatro do Centro Cultural de Buritama. O evento debateu a\u00e7\u00f5es de preven\u00e7\u00e3o, promo\u00e7\u00e3o e defesa de direitos do p\u00fablico infantil e de pol\u00edticas p\u00fablicas para a prote\u00e7\u00e3o integral e repara\u00e7\u00e3o dos danos causados pela Covid-19 e p\u00f3s-pandemia. O encontro contou com a participa\u00e7\u00e3o de representantes de entidades, de \u00f3rg\u00e3os p\u00fablicos, do Servi\u00e7o Aut\u00f4nomo de \u00c1gua, Esgoto e Meio Ambiente (SAAEMB) e da sociedade.<\/p>\n<p>A confer\u00eancia teve como tema: \u201cA situa\u00e7\u00e3o dos direitos humanos de crian\u00e7as e adolescentes em tempos de pandemia de Covid-19: viola\u00e7\u00f5es e vulnerabilidades, a\u00e7\u00f5es necess\u00e1rias para repara\u00e7\u00e3o e garantia de pol\u00edticas de prote\u00e7\u00e3o integral, com respeito a diversidade\u201d, ao todo, cerca de 90 pessoas foram convidadas para o encontro. O evento contou com a participa\u00e7\u00e3o do advogado Alexandre Gil de Mello que fez palestra sobre o tema do encontro.<\/p>\n<p>Durante a confer\u00eancia foram debatidos os seguintes eixos: Promo\u00e7\u00e3o e garantia dos direitos humanos de crian\u00e7as e adolescentes no contexto pand\u00eamico e p\u00f3s-pandemia; Enfrentamento das viola\u00e7\u00f5es e vulnerabilidades resultantes da pandemia; Amplia\u00e7\u00e3o e consolida\u00e7\u00e3o da participa\u00e7\u00e3o de crian\u00e7as e adolescentes nos espa\u00e7os de discuss\u00e3o e delibera\u00e7\u00e3o de pol\u00edticas p\u00fablicas de promo\u00e7\u00e3o, prote\u00e7\u00e3o e defesa dos seus direitos, durante e ap\u00f3s a pandemia; Participa\u00e7\u00e3o da sociedade na delibera\u00e7\u00e3o, execu\u00e7\u00e3o, gest\u00e3o e controle social de pol\u00edticas p\u00fablicas de promo\u00e7\u00e3o, prote\u00e7\u00e3o e defesa dos direitos considerando o cen\u00e1rio pand\u00eamico; Garantia de recursos para as pol\u00edticas p\u00fablicas voltadas para crian\u00e7as e adolescentes durante e ap\u00f3s a pandemia de Covid-19.<\/p>\n<p>Para a diretora do Departamento de Assist\u00eancia e Desenvolvimento Social, Gislaine Murakami Rodrigues, o debate pautou-se pelo contexto da pandemia do coronav\u00edrus vivenciada pelas fam\u00edlias. \u201cEsse per\u00edodo teve efeito socioecon\u00f4mico, um aprofundamento das desigualdades sociais, evidenciando ainda mais a necessidade de sistema de prote\u00e7\u00e3o e promo\u00e7\u00e3o de pol\u00edticas p\u00fablicas que assegurem efetivamente os direitos de crian\u00e7as e adolescentes e de repara\u00e7\u00e3o de danos causados\u201d, comentou.<\/p>\n<p>Segundo a representante do Servi\u00e7o Aut\u00f4nomo de \u00c1gua, Esgoto e Meio Ambiente (SAAEMB), Let\u00edcia Souza Possani, a confer\u00eancia \u00e9 uma oportunidade para dialogar sobre os direitos das crian\u00e7as e dos adolescentes. \u201c\u00c9 importante participarmos dessa a\u00e7\u00e3o, de forma que possamos ser efetivos e mobilizar a sociedade sobre nossa responsabilidade, no intuito de garantir de direitos para todos\u201d, finalizou a Qu\u00edmica que tamb\u00e9m faz parte do Conselho Municipal da Assist\u00eancia Social.<\/p>\n<p>A confer\u00eancia foi promovida pelo Conselho Municipal dos Direitos da Crian\u00e7a e do Adolescente, por meio do Departamento Municipal de Assist\u00eancia e Desenvolvimento Social, em parceria com a prefeitura.<\/p>\n<p><strong>Publicado:\u00a0<\/strong>25\/10\/2022 \u2013 \u00e0s 16h59<\/p>\n","protected":false},"excerpt":{"rendered":"<p>Os direitos das crian\u00e7as e dos adolescentes foram discutidos nesta ter\u00e7a-feira (25), na 12\u00aa Confer\u00eancia Municipal realizada no anfiteatro do Centro Cultural de Buritama. O evento debateu a\u00e7\u00f5es de preven\u00e7\u00e3o, promo\u00e7\u00e3o e defesa de direitos do p\u00fablico infantil e de pol\u00edticas p\u00fablicas para a prote\u00e7\u00e3o integral e repara\u00e7\u00e3o dos danos causados pela Covid-19 e p\u00f3s-pandemia. [&hellip;]<\/p>\n","protected":false},"author":1,"featured_media":1727,"comment_status":"open","ping_status":"open","sticky":false,"template":"","format":"standard","meta":{"footnotes":""},"categories":[20],"tags":[],"class_list":["post-1726","post","type-post","status-publish","format-standard","has-post-thumbnail","hentry","category-noticias"],"_links":{"self":[{"href":"https:\/\/saaemb.sp.gov.br\/index.php\/wp-json\/wp\/v2\/posts\/1726","targetHints":{"allow":["GET"]}}],"collection":[{"href":"https:\/\/saaemb.sp.gov.br\/index.php\/wp-json\/wp\/v2\/posts"}],"about":[{"href":"https:\/\/saaemb.sp.gov.br\/index.php\/wp-json\/wp\/v2\/types\/post"}],"author":[{"embeddable":true,"href":"https:\/\/saaemb.sp.gov.br\/index.php\/wp-json\/wp\/v2\/users\/1"}],"replies":[{"embeddable":true,"href":"https:\/\/saaemb.sp.gov.br\/index.php\/wp-json\/wp\/v2\/comments?post=1726"}],"version-history":[{"count":0,"href":"https:\/\/saaemb.sp.gov.br\/index.php\/wp-json\/wp\/v2\/posts\/1726\/revisions"}],"wp:featuredmedia":[{"embeddable":true,"href":"https:\/\/saaemb.sp.gov.br\/index.php\/wp-json\/wp\/v2\/media\/1727"}],"wp:attachment":[{"href":"https:\/\/saaemb.sp.gov.br\/index.php\/wp-json\/wp\/v2\/media?parent=1726"}],"wp:term":[{"taxonomy":"category","embeddable":true,"href":"https:\/\/saaemb.sp.gov.br\/index.php\/wp-json\/wp\/v2\/categories?post=1726"},{"taxonomy":"post_tag","embeddable":true,"href":"https:\/\/saaemb.sp.gov.br\/index.php\/wp-json\/wp\/v2\/tags?post=1726"}],"curies":[{"name":"wp","href":"https:\/\/api.w.org\/{rel}","templated":true}]}}