{"id":1736,"date":"2022-10-27T10:56:33","date_gmt":"2022-10-27T13:56:33","guid":{"rendered":"https:\/\/saaemb.sp.gov.br\/?p=1736"},"modified":"2022-10-27T10:56:33","modified_gmt":"2022-10-27T13:56:33","slug":"comdema-de-buritama-debate-pautas-para-preservacao-do-meio-ambiente","status":"publish","type":"post","link":"https:\/\/saaemb.sp.gov.br\/index.php\/2022\/10\/27\/comdema-de-buritama-debate-pautas-para-preservacao-do-meio-ambiente\/","title":{"rendered":"COMDEMA debate pautas para preserva\u00e7\u00e3o do meio ambiente"},"content":{"rendered":"<p>O Conselho Municipal de Defesa do Meio Ambiente (COMDEMA) reuniu hoje (27), na Casa da Agricultura de Buritama, para debater a pauta voltada para a\u00e7\u00f5es pol\u00edticas sobre o meio ambiente. O objetivo da reuni\u00e3o foi apresentar resolu\u00e7\u00f5es sobre a cria\u00e7\u00e3o da Casa do Meio Ambiente, poda dr\u00e1stica, reciclagem, instala\u00e7\u00e3o de placas de sinaliza\u00e7\u00e3o de travessia de tartarugas e mudan\u00e7a na legisla\u00e7\u00e3o municipal.<\/p>\n<p>Durante o ano, o Departamento de Desenvolvimento Econ\u00f4mico, Agricultura e Meio Ambiente, com apoio do conselho, implementou os pontos de coleta de pilhas e baterias espalhados em \u00f3rg\u00e3os p\u00fablicos e com\u00e9rcio, al\u00e9m da cria\u00e7\u00e3o do Ecoponto de vidros instalado no almoxarifado municipal. A pr\u00f3xima reuni\u00e3o do COMDEMA est\u00e1 prevista para o dia 17 de novembro, na Casa da Agricultura.<\/p>\n<p>De acordo com o diretor do Desenvolvimento Econ\u00f4mico, Agricultura e Meio Ambiente, Giancarlo Sanches Mestriner, o conselho busca concluir as obras da futura casa do meio ambiente e organizar o viveiro municipal. \u201cOrganizar um grupo com inten\u00e7\u00f5es e ideias convergentes sobre um futuro mais sustent\u00e1vel para a cidade, bem como ter conseguido com a prefeitura a sede da Casa do Meio Ambiente\u201d, explicou.<\/p>\n<p>Segundo a presidente do conselho, Patr\u00edcia Yaiko Nakatu Duarte, o conselho atua com seriedade e di\u00e1logo aberto para buscar solu\u00e7\u00f5es ambientais de responsabilidade da prefeitura municipal. \u201cDesejamos conscientizar a popula\u00e7\u00e3o para a ado\u00e7\u00e3o de pr\u00e1ticas mais sustent\u00e1veis, como o consumo mais consciente e a implanta\u00e7\u00e3o dos termos: reduzir, reutilizar e reciclar\u201d, concluiu.<\/p>\n<p><strong>COMDEMA<\/strong><\/p>\n<p>\u00c9 um \u00f3rg\u00e3o local, de composi\u00e7\u00e3o parit\u00e1ria, com car\u00e1ter consultivo, deliberativo e contribui em a\u00e7\u00f5es com a prefeitura, em quest\u00f5es voltadas ao meio ambiente, em toda a \u00e1rea do munic\u00edpio. O conselho \u00e9 presidido pela engenheira agr\u00f4noma Patr\u00edcia Yaiko Nakatu Duarte e conta com 16 membros, sendo 8 do poder p\u00fablico e 8 representantes da sociedade civil, com reuni\u00f5es mensais e a dura\u00e7\u00e3o de cada gest\u00e3o \u00e9 de 2 anos.<\/p>\n<p><strong>\u00a0<\/strong><strong>Publicado:\u00a0<\/strong>27\/10\/2022 \u2013 \u00e0s 10h56<\/p>\n<p><img decoding=\"async\" class=\"alignnone  wp-image-1826 lazyload\" src=\"data:image\/gif;base64,R0lGODlhAQABAAAAACH5BAEKAAEALAAAAAABAAEAAAICTAEAOw==\" data-src=\"https:\/\/saaemb.sp.gov.br\/wp-content\/uploads\/2022\/11\/Objetivos-de-Desenvolvimento-Sustentavel-300x195.png\" alt=\"\" width=\"178\" height=\"116\" \/> <img decoding=\"async\" class=\"alignnone  wp-image-1804 lazyload\" src=\"data:image\/gif;base64,R0lGODlhAQABAAAAACH5BAEKAAEALAAAAAABAAEAAAICTAEAOw==\" data-src=\"https:\/\/saaemb.sp.gov.br\/wp-content\/uploads\/2022\/11\/4.-Educacao-de-qualidade-300x300.png\" alt=\"\" width=\"123\" height=\"123\" \/> <img decoding=\"async\" class=\"alignnone  wp-image-1805 lazyload\" src=\"data:image\/gif;base64,R0lGODlhAQABAAAAACH5BAEKAAEALAAAAAABAAEAAAICTAEAOw==\" data-src=\"https:\/\/saaemb.sp.gov.br\/wp-content\/uploads\/2022\/11\/11.-Cidades-e-comunidades-sustenstaveis-300x300.png\" alt=\"\" width=\"123\" height=\"123\" \/> <img loading=\"lazy\" decoding=\"async\" class=\"alignnone  wp-image-1806 lazyload\" src=\"data:image\/gif;base64,R0lGODlhAQABAAAAACH5BAEKAAEALAAAAAABAAEAAAICTAEAOw==\" data-src=\"https:\/\/saaemb.sp.gov.br\/wp-content\/uploads\/2022\/11\/15.-Vida-terrestre-300x300.png\" alt=\"\" width=\"126\" height=\"126\" \/><\/p>\n","protected":false},"excerpt":{"rendered":"<p>O Conselho Municipal de Defesa do Meio Ambiente (COMDEMA) reuniu hoje (27), na Casa da Agricultura de Buritama, para debater a pauta voltada para a\u00e7\u00f5es pol\u00edticas sobre o meio ambiente. O objetivo da reuni\u00e3o foi apresentar resolu\u00e7\u00f5es sobre a cria\u00e7\u00e3o da Casa do Meio Ambiente, poda dr\u00e1stica, reciclagem, instala\u00e7\u00e3o de placas de sinaliza\u00e7\u00e3o de travessia [&hellip;]<\/p>\n","protected":false},"author":1,"featured_media":1737,"comment_status":"open","ping_status":"open","sticky":false,"template":"","format":"standard","meta":{"footnotes":""},"categories":[20],"tags":[],"class_list":["post-1736","post","type-post","status-publish","format-standard","has-post-thumbnail","hentry","category-noticias"],"_links":{"self":[{"href":"https:\/\/saaemb.sp.gov.br\/index.php\/wp-json\/wp\/v2\/posts\/1736","targetHints":{"allow":["GET"]}}],"collection":[{"href":"https:\/\/saaemb.sp.gov.br\/index.php\/wp-json\/wp\/v2\/posts"}],"about":[{"href":"https:\/\/saaemb.sp.gov.br\/index.php\/wp-json\/wp\/v2\/types\/post"}],"author":[{"embeddable":true,"href":"https:\/\/saaemb.sp.gov.br\/index.php\/wp-json\/wp\/v2\/users\/1"}],"replies":[{"embeddable":true,"href":"https:\/\/saaemb.sp.gov.br\/index.php\/wp-json\/wp\/v2\/comments?post=1736"}],"version-history":[{"count":0,"href":"https:\/\/saaemb.sp.gov.br\/index.php\/wp-json\/wp\/v2\/posts\/1736\/revisions"}],"wp:featuredmedia":[{"embeddable":true,"href":"https:\/\/saaemb.sp.gov.br\/index.php\/wp-json\/wp\/v2\/media\/1737"}],"wp:attachment":[{"href":"https:\/\/saaemb.sp.gov.br\/index.php\/wp-json\/wp\/v2\/media?parent=1736"}],"wp:term":[{"taxonomy":"category","embeddable":true,"href":"https:\/\/saaemb.sp.gov.br\/index.php\/wp-json\/wp\/v2\/categories?post=1736"},{"taxonomy":"post_tag","embeddable":true,"href":"https:\/\/saaemb.sp.gov.br\/index.php\/wp-json\/wp\/v2\/tags?post=1736"}],"curies":[{"name":"wp","href":"https:\/\/api.w.org\/{rel}","templated":true}]}}