{"id":1764,"date":"2022-11-10T11:59:03","date_gmt":"2022-11-10T13:59:03","guid":{"rendered":"https:\/\/saaemb.sp.gov.br\/?p=1764"},"modified":"2022-11-10T11:59:03","modified_gmt":"2022-11-10T13:59:03","slug":"saaemb-realiza-palestra-para-estudantes-sobre-a-importancia-do-saneamento-basico-e-cuidados-com-a-agua","status":"publish","type":"post","link":"https:\/\/saaemb.sp.gov.br\/index.php\/2022\/11\/10\/saaemb-realiza-palestra-para-estudantes-sobre-a-importancia-do-saneamento-basico-e-cuidados-com-a-agua\/","title":{"rendered":"SAAEMB realiza palestra para estudantes sobre a import\u00e2ncia do saneamento b\u00e1sico e cuidados com a \u00e1gua"},"content":{"rendered":"<p>Estudantes do Col\u00e9gio Zeta participaram hoje (10) de palestra realizada pelo Servi\u00e7o Aut\u00f4nomo de \u00c1gua, Esgoto e Meio Ambiente (SAAEMB) sobre a import\u00e2ncia do saneamento b\u00e1sico e a necessidade de cuidar da \u00e1gua e evitar o desperd\u00edcio.<\/p>\n<p>Durante a atividade foi realizado uma visita t\u00e9cnica e monitorada nas esta\u00e7\u00f5es municipais de tratamento de \u00e1gua e esgoto, onde foram explicados as etapas e processos que passam de tratamento de \u00e1gua e esgoto, al\u00e9m da import\u00e2ncia do uso consciente da \u00e1gua e a preserva\u00e7\u00e3o do meio ambiente. A palestra foi coordenada pela Qu\u00edmica Let\u00edcia Souza Possani, da autarquia de Buritama.<\/p>\n<p>Let\u00edcia disse que a autarquia coleta e trata todo o esgoto gerado pelo munic\u00edpio. O \u00f3rg\u00e3o monitora e controla o lan\u00e7amento do esgoto que \u00e9 feito no c\u00f3rrego Palmeiras. Ela comentou ainda que \u00e9 feito an\u00e1lise para atender os padr\u00f5es estabelecidos pela legisla\u00e7\u00e3o. \u201cO compromisso \u00e9 n\u00e3o alterar a classe ou a natureza do rio receptor\u201d, elenca.<\/p>\n<p>J\u00e1 o esgoto \u00e9 tratado de forma natural com a decomposi\u00e7\u00e3o das mat\u00e9rias org\u00e2nicas. Conforme Let\u00edcia, o tratamento biol\u00f3gico \u00e9 uma das formas mais eficiente de remo\u00e7\u00e3o da mat\u00e9ria org\u00e2nica dos esgotos e apresenta baixo custo. \u201cAs subst\u00e2ncias presentes no esgoto diminuem a concentra\u00e7\u00e3o de oxig\u00eanio dissolvido na \u00e1gua, causando a morte de peixes e outros organismos aqu\u00e1ticos, al\u00e9m do escurecimento e do mau cheiro\u201d, afirma.<\/p>\n<p>De acordo com o diretor, Jos\u00e9 Eduardo Marins, o debate sobre saneamento b\u00e1sico est\u00e1 cada vez mais presente n\u00e3o apenas entre especialistas e \u00f3rg\u00e3os respons\u00e1veis pelo setor, mas tamb\u00e9m deve fazer parte do dia a dia dos moradores e entrar na pauta de discuss\u00e3o no ensino infantil, fundamental e m\u00e9dio.<\/p>\n<p>\u201cOs debates na rede de educa\u00e7\u00e3o sobre saneamento b\u00e1sico e preserva\u00e7\u00e3o do meio ambiente s\u00e3o essenciais para o desenvolvimento de uma sociedade, j\u00e1 que ambos os temas est\u00e3o diretamente relacionamentos com a promo\u00e7\u00e3o da sa\u00fade p\u00fablica, portanto, \u00e9 preciso que cada um fa\u00e7a sua parte, para que possamos ter mais qualidade de vida\u201d, disse.<\/p>\n<p>A Esta\u00e7\u00e3o de Tratamento de \u00c1gua (ETA) fica localizada na rua dos Teixeiras e a\u00a0Esta\u00e7\u00e3o de Tratamento de Esgoto (ETE) encontra-se na estrada vicinal Ant\u00f4nio Alves Teixeira &#8211; km 2, e o munic\u00edpio conta com 100% de esgoto tratado.<\/p>\n<p><strong>Educa\u00e7\u00e3o ambiental<\/strong><\/p>\n<p>Alunos entre 8 e 9 anos, do ensino fundamental, participaram de palestra para complementar o conte\u00fado adquirido durante a disciplina de Ci\u00eancias. O col\u00e9gio Zeta deu mais um passo para conscientizar e sensibilizar os alunos sobre quest\u00f5es ambientais, a fim de estimular o desenvolvimento de a\u00e7\u00f5es para a transforma\u00e7\u00e3o de uma sociedade.<\/p>\n<p>Segundo a coordenadora pedag\u00f3gica, Marina Rovito, a preserva\u00e7\u00e3o ambiental \u00e9 a principal alternativa para salvar o planeta. Ela comentou tamb\u00e9m que a professora Gabriela de Costa Jardim abordou em sala de aula sobre o funcionamento do tratamento de \u00e1gua e esgoto e a import\u00e2ncia para todos os cidad\u00e3os e para o meio ambiente.<\/p>\n<p>\u201cA import\u00e2ncia desta palestra \u00e9 fazer com que esse conhecimento apreendido seja concretizado. Essa viv\u00eancia com experi\u00eancias reais dos processos vai ajudar no armazenamento das informa\u00e7\u00f5es passadas em sala de aula, e isso faz com que a crian\u00e7a compartilhe seu conhecimento\u201d, disse.<\/p>\n<p>A escola acredita que a conscientiza\u00e7\u00e3o contribui para aumentar o senso cr\u00edtico dos alunos. Tentamos conciliar os temas abordados nas disciplinas de ci\u00eancias com o cuidado da nossa escola, mas falta a m\u00e3o na massa, a pr\u00e1tica, a atitude e viv\u00eancias para que esse conhecimento te\u00f3rico seja acomodado na crian\u00e7a\u201d, explica.<\/p>\n<p>A coordenadora comentou que o col\u00e9gio conta com lixeiras para coleta seletiva, horta e em datas comemorativas desenvolve trabalhos de conscientiza\u00e7\u00e3o. A ideia, conforme ela, \u00e9 criar novos projetos para ir al\u00e9m da escola.<\/p>\n<p>\u201cAtualmente n\u00e3o temos nenhuma a\u00e7\u00e3o, mas algumas turmas fizeram\u00a0trabalhos de recolhimento de tampinhas e cartelas de comprimidos com o objetivo da conscientiza\u00e7\u00e3o e ajuda social. E na disciplina de ci\u00eancias procuramos trabalhar os temas vinculados com o cuidado da escola\u201d, concluiu Marina.<\/p>\n<p><strong>\u00a0<\/strong><strong>Publicado: <\/strong>10\/11\/2022 \u2013 \u00e0s 10h59<\/p>\n<p><img decoding=\"async\" class=\"alignnone wp-image-1826 lazyload\" src=\"data:image\/gif;base64,R0lGODlhAQABAAAAACH5BAEKAAEALAAAAAABAAEAAAICTAEAOw==\" data-src=\"https:\/\/saaemb.sp.gov.br\/wp-content\/uploads\/2022\/11\/Objetivos-de-Desenvolvimento-Sustentavel-300x195.png\" alt=\"\" width=\"156\" height=\"101\" \/> <img decoding=\"async\" class=\"alignnone wp-image-1804 lazyload\" src=\"data:image\/gif;base64,R0lGODlhAQABAAAAACH5BAEKAAEALAAAAAABAAEAAAICTAEAOw==\" data-src=\"https:\/\/saaemb.sp.gov.br\/wp-content\/uploads\/2022\/11\/4.-Educacao-de-qualidade-300x300.png\" alt=\"\" width=\"117\" height=\"117\" \/> <img decoding=\"async\" class=\"alignnone wp-image-1813 lazyload\" src=\"data:image\/gif;base64,R0lGODlhAQABAAAAACH5BAEKAAEALAAAAAABAAEAAAICTAEAOw==\" data-src=\"https:\/\/saaemb.sp.gov.br\/wp-content\/uploads\/2022\/11\/6.-Agua-potavel-e-saneamento-300x300.png\" alt=\"\" width=\"117\" height=\"117\" \/> <img loading=\"lazy\" decoding=\"async\" class=\"alignnone wp-image-1806 lazyload\" src=\"data:image\/gif;base64,R0lGODlhAQABAAAAACH5BAEKAAEALAAAAAABAAEAAAICTAEAOw==\" data-src=\"https:\/\/saaemb.sp.gov.br\/wp-content\/uploads\/2022\/11\/15.-Vida-terrestre-300x300.png\" alt=\"\" width=\"117\" height=\"117\" \/> <img loading=\"lazy\" decoding=\"async\" class=\"alignnone wp-image-1822 lazyload\" src=\"data:image\/gif;base64,R0lGODlhAQABAAAAACH5BAEKAAEALAAAAAABAAEAAAICTAEAOw==\" data-src=\"https:\/\/saaemb.sp.gov.br\/wp-content\/uploads\/2022\/11\/17.-Parcerias-e-meios-de-implementacao-300x300.png\" alt=\"\" width=\"117\" height=\"117\" \/><\/p>\n<p>&nbsp;<\/p>\n","protected":false},"excerpt":{"rendered":"<p>Estudantes do Col\u00e9gio Zeta participaram hoje (10) de palestra realizada pelo Servi\u00e7o Aut\u00f4nomo de \u00c1gua, Esgoto e Meio Ambiente (SAAEMB) sobre a import\u00e2ncia do saneamento b\u00e1sico e a necessidade de cuidar da \u00e1gua e evitar o desperd\u00edcio. Durante a atividade foi realizado uma visita t\u00e9cnica e monitorada nas esta\u00e7\u00f5es municipais de tratamento de \u00e1gua e [&hellip;]<\/p>\n","protected":false},"author":1,"featured_media":1767,"comment_status":"open","ping_status":"open","sticky":false,"template":"","format":"standard","meta":{"footnotes":""},"categories":[20],"tags":[],"class_list":["post-1764","post","type-post","status-publish","format-standard","has-post-thumbnail","hentry","category-noticias"],"_links":{"self":[{"href":"https:\/\/saaemb.sp.gov.br\/index.php\/wp-json\/wp\/v2\/posts\/1764","targetHints":{"allow":["GET"]}}],"collection":[{"href":"https:\/\/saaemb.sp.gov.br\/index.php\/wp-json\/wp\/v2\/posts"}],"about":[{"href":"https:\/\/saaemb.sp.gov.br\/index.php\/wp-json\/wp\/v2\/types\/post"}],"author":[{"embeddable":true,"href":"https:\/\/saaemb.sp.gov.br\/index.php\/wp-json\/wp\/v2\/users\/1"}],"replies":[{"embeddable":true,"href":"https:\/\/saaemb.sp.gov.br\/index.php\/wp-json\/wp\/v2\/comments?post=1764"}],"version-history":[{"count":0,"href":"https:\/\/saaemb.sp.gov.br\/index.php\/wp-json\/wp\/v2\/posts\/1764\/revisions"}],"wp:featuredmedia":[{"embeddable":true,"href":"https:\/\/saaemb.sp.gov.br\/index.php\/wp-json\/wp\/v2\/media\/1767"}],"wp:attachment":[{"href":"https:\/\/saaemb.sp.gov.br\/index.php\/wp-json\/wp\/v2\/media?parent=1764"}],"wp:term":[{"taxonomy":"category","embeddable":true,"href":"https:\/\/saaemb.sp.gov.br\/index.php\/wp-json\/wp\/v2\/categories?post=1764"},{"taxonomy":"post_tag","embeddable":true,"href":"https:\/\/saaemb.sp.gov.br\/index.php\/wp-json\/wp\/v2\/tags?post=1764"}],"curies":[{"name":"wp","href":"https:\/\/api.w.org\/{rel}","templated":true}]}}