{"id":1797,"date":"2022-11-21T16:53:23","date_gmt":"2022-11-21T18:53:23","guid":{"rendered":"https:\/\/saaemb.sp.gov.br\/?p=1797"},"modified":"2022-11-21T16:53:23","modified_gmt":"2022-11-21T18:53:23","slug":"comdema-de-buritama-discute-acoes-ambientais","status":"publish","type":"post","link":"https:\/\/saaemb.sp.gov.br\/index.php\/2022\/11\/21\/comdema-de-buritama-discute-acoes-ambientais\/","title":{"rendered":"COMDEMA de Buritama discute a\u00e7\u00f5es ambientais"},"content":{"rendered":"<p>O Conselho Municipal de Defesa do Meio Ambiente (COMDEMA) de Buritama, fez na \u00faltima quinta-feira (17), reuni\u00e3o para debater sobre poda dr\u00e1stica, reciclagem, instala\u00e7\u00e3o de placas de sinaliza\u00e7\u00e3o para travessia de tartarugas, Casa do Meio Ambiente e mudan\u00e7a na legisla\u00e7\u00e3o.<\/p>\n<p>De acordo com informa\u00e7\u00f5es do COMDEMA, o objetivo da discuss\u00e3o \u00e9 aprova\u00e7\u00e3o da pauta e o debate de novas a\u00e7\u00f5es ambientais para o munic\u00edpio. Nesse ano, o grupo fez parte de projetos como a cria\u00e7\u00e3o do Ecoponto de vidros instalado no almoxarifado e do Ecoponto de pilhas e baterias com pontos de coletas em \u00f3rg\u00e3os p\u00fablicos.<\/p>\n<p>Conforme a presidente do conselho, Patr\u00edcia Yaiko Nakatu Duarte, o \u00f3rg\u00e3o integra o sistema de gest\u00e3o ambiental do munic\u00edpio e tem como finalidade desenvolver com o Executivo pol\u00edticas de fiscaliza\u00e7\u00e3o, prote\u00e7\u00e3o, conserva\u00e7\u00e3o e uso sustent\u00e1vel do meio ambiente.<\/p>\n<p>\u201cTodos t\u00eam o direito ao meio ambiente ecologicamente equilibrado, nesse contexto, buscamos debater a\u00e7\u00f5es em parceria com a prefeitura, de forma que \u00e0 coletividade possa participar, seja na forma de defender, seja na forma de preservar o meio ambiente para as futuras gera\u00e7\u00f5es\u201d, comentou Patr\u00edcia.<\/p>\n<p>A reuni\u00e3o acontece na Casa da Agricultura que fica na rua Floriano Peixoto, 735, Centro. Com atendimento de segunda a sexta-feira, das 7h \u00e0s 17h. A pr\u00f3xima reuni\u00e3o est\u00e1 prevista para acontecer no dia 19 de dezembro.<\/p>\n<p><strong>COMDEMA<\/strong><\/p>\n<p>\u00c9 um \u00f3rg\u00e3o local, de composi\u00e7\u00e3o parit\u00e1ria, com car\u00e1ter consultivo, deliberativo e contribui em a\u00e7\u00f5es com a prefeitura, em quest\u00f5es voltadas ao meio ambiente, em toda a \u00e1rea do munic\u00edpio. O conselho \u00e9 presidido pela engenheira agr\u00f4noma Patr\u00edcia Yaiko Nakatu Duarte e conta com 16 membros, sendo 8 do poder p\u00fablico e 8 representantes da sociedade civil, com reuni\u00f5es mensais e a dura\u00e7\u00e3o de cada gest\u00e3o \u00e9 de 2 anos.<\/p>\n<p><strong>Publicado: <\/strong>21\/11\/2022 \u2013 \u00e0s 15h53<\/p>\n<p><img decoding=\"async\" class=\"alignnone wp-image-1826 lazyload\" src=\"data:image\/gif;base64,R0lGODlhAQABAAAAACH5BAEKAAEALAAAAAABAAEAAAICTAEAOw==\" data-src=\"https:\/\/saaemb.sp.gov.br\/wp-content\/uploads\/2022\/11\/Objetivos-de-Desenvolvimento-Sustentavel-300x195.png\" alt=\"\" width=\"202\" height=\"131\" \/><img decoding=\"async\" class=\"alignnone wp-image-1804 lazyload\" src=\"data:image\/gif;base64,R0lGODlhAQABAAAAACH5BAEKAAEALAAAAAABAAEAAAICTAEAOw==\" data-src=\"https:\/\/saaemb.sp.gov.br\/wp-content\/uploads\/2022\/11\/4.-Educacao-de-qualidade-300x300.png\" alt=\"\" width=\"124\" height=\"124\" \/> <img decoding=\"async\" class=\"alignnone wp-image-1805 lazyload\" src=\"data:image\/gif;base64,R0lGODlhAQABAAAAACH5BAEKAAEALAAAAAABAAEAAAICTAEAOw==\" data-src=\"https:\/\/saaemb.sp.gov.br\/wp-content\/uploads\/2022\/11\/11.-Cidades-e-comunidades-sustenstaveis-300x300.png\" alt=\"\" width=\"124\" height=\"124\" \/> <img loading=\"lazy\" decoding=\"async\" class=\"alignnone wp-image-1806 lazyload\" src=\"data:image\/gif;base64,R0lGODlhAQABAAAAACH5BAEKAAEALAAAAAABAAEAAAICTAEAOw==\" data-src=\"https:\/\/saaemb.sp.gov.br\/wp-content\/uploads\/2022\/11\/15.-Vida-terrestre-300x300.png\" alt=\"\" width=\"123\" height=\"123\" \/><\/p>\n<p>&nbsp;<\/p>\n","protected":false},"excerpt":{"rendered":"<p>O Conselho Municipal de Defesa do Meio Ambiente (COMDEMA) de Buritama, fez na \u00faltima quinta-feira (17), reuni\u00e3o para debater sobre poda dr\u00e1stica, reciclagem, instala\u00e7\u00e3o de placas de sinaliza\u00e7\u00e3o para travessia de tartarugas, Casa do Meio Ambiente e mudan\u00e7a na legisla\u00e7\u00e3o. De acordo com informa\u00e7\u00f5es do COMDEMA, o objetivo da discuss\u00e3o \u00e9 aprova\u00e7\u00e3o da pauta e [&hellip;]<\/p>\n","protected":false},"author":1,"featured_media":1798,"comment_status":"open","ping_status":"open","sticky":false,"template":"","format":"standard","meta":{"footnotes":""},"categories":[20],"tags":[],"class_list":["post-1797","post","type-post","status-publish","format-standard","has-post-thumbnail","hentry","category-noticias"],"_links":{"self":[{"href":"https:\/\/saaemb.sp.gov.br\/index.php\/wp-json\/wp\/v2\/posts\/1797","targetHints":{"allow":["GET"]}}],"collection":[{"href":"https:\/\/saaemb.sp.gov.br\/index.php\/wp-json\/wp\/v2\/posts"}],"about":[{"href":"https:\/\/saaemb.sp.gov.br\/index.php\/wp-json\/wp\/v2\/types\/post"}],"author":[{"embeddable":true,"href":"https:\/\/saaemb.sp.gov.br\/index.php\/wp-json\/wp\/v2\/users\/1"}],"replies":[{"embeddable":true,"href":"https:\/\/saaemb.sp.gov.br\/index.php\/wp-json\/wp\/v2\/comments?post=1797"}],"version-history":[{"count":0,"href":"https:\/\/saaemb.sp.gov.br\/index.php\/wp-json\/wp\/v2\/posts\/1797\/revisions"}],"wp:featuredmedia":[{"embeddable":true,"href":"https:\/\/saaemb.sp.gov.br\/index.php\/wp-json\/wp\/v2\/media\/1798"}],"wp:attachment":[{"href":"https:\/\/saaemb.sp.gov.br\/index.php\/wp-json\/wp\/v2\/media?parent=1797"}],"wp:term":[{"taxonomy":"category","embeddable":true,"href":"https:\/\/saaemb.sp.gov.br\/index.php\/wp-json\/wp\/v2\/categories?post=1797"},{"taxonomy":"post_tag","embeddable":true,"href":"https:\/\/saaemb.sp.gov.br\/index.php\/wp-json\/wp\/v2\/tags?post=1797"}],"curies":[{"name":"wp","href":"https:\/\/api.w.org\/{rel}","templated":true}]}}