{"id":1857,"date":"2022-11-30T17:14:06","date_gmt":"2022-11-30T19:14:06","guid":{"rendered":"https:\/\/saaemb.sp.gov.br\/?p=1857"},"modified":"2022-11-30T17:14:06","modified_gmt":"2022-11-30T19:14:06","slug":"buritama-participa-de-reuniao-do-comite-do-baixo-tiete","status":"publish","type":"post","link":"https:\/\/saaemb.sp.gov.br\/index.php\/2022\/11\/30\/buritama-participa-de-reuniao-do-comite-do-baixo-tiete\/","title":{"rendered":"Buritama participa de reuni\u00e3o do Comit\u00ea do Baixo Tiet\u00ea"},"content":{"rendered":"<p>A Qu\u00edmica Let\u00edcia Souza Possani, do Servi\u00e7o Aut\u00f4nomo de \u00c1gua, Esgoto e Meio Ambiente (SAAEMB), Giancarlo Sanches Mestriner, diretor do Desenvolvimento Econ\u00f4mico, Agricultura e Meio Ambiente e o vereador Jo\u00e3o Luiz Perez Junior, participaram na sexta-feira, (25), de reuni\u00e3o do Comit\u00ea da Bacia Hidrogr\u00e1fica do Baixo Tiet\u00ea (CBH-BT), na cidade de Birigui.<\/p>\n<p>O objetivo do encontro foi aprova\u00e7\u00e3o do novo estatuto (substituindo o documento aprovado em 1998), delibera\u00e7\u00e3o sobre o relat\u00f3rio da situa\u00e7\u00e3o dos recursos h\u00eddricos, plano de a\u00e7\u00f5es e de investimentos, aprova\u00e7\u00e3o dos crit\u00e9rios do or\u00e7amento para 2023 do Fundo Estadual de Recursos H\u00eddricos (Fehidro) e compensa\u00e7\u00e3o financeira.<\/p>\n<p>O CBT-BT foi criado em 1994, em assembleia realizada em Pen\u00e1polis, sendo o segundo comit\u00ea a ser institu\u00eddo no Estado. \u00c9 composto por plen\u00e1ria tripartite de 45 membros que representam 42 munic\u00edpios da foz do Rio Tiet\u00ea, com sede no Departamento de \u00c1guas e Energia El\u00e9trica em Birigui.<\/p>\n<p>Segundo Let\u00edcia, a participa\u00e7\u00e3o da reuni\u00e3o \u00e9 uma oportunidade para debater a\u00e7\u00f5es entre os munic\u00edpios e trocar experi\u00eancias com os gestores do meio ambiente. \u201cOs temas em discuss\u00e3o no comit\u00ea s\u00e3o fundamentais para que cada representante consiga trabalhar a gest\u00e3o da bacia hidrogr\u00e1fica e recursos h\u00eddricos em seu munic\u00edpio\u201d, comentou.<\/p>\n<p>Com \u00e1rea de 15.471 quil\u00f4metros e 800 mil habitantes, a regi\u00e3o do Comit\u00ea da Baixa Hidrogr\u00e1fica do Baixo Tiet\u00ea abrande as hidrel\u00e9tricas de Nova Avanhandava (Buritama) e Tr\u00eas Irm\u00e3os (Pereira Barreto), com imenso potencial tur\u00edstico e disponibilidade de \u00e1gua.<\/p>\n<p>Participaram da reuni\u00e3o prefeitos, representantes de entidades civis, dirigentes de \u00f3rg\u00e3o do governo do Estado de S\u00e3o Paulo e membros do comit\u00ea.<\/p>\n<p><strong>Fehidro<\/strong><\/p>\n<p>O \u00f3rg\u00e3o tem como objetivo financiar programas e a\u00e7\u00f5es na \u00e1rea de recursos h\u00eddricos, de modo a promover a melhoria e a prote\u00e7\u00e3o dos corpos d\u2019\u00e1gua e de suas bacias hidrogr\u00e1ficas. Entre as linhas tem\u00e1ticas dispon\u00edveis, h\u00e1 a \u00e1rea de atua\u00e7\u00e3o em educa\u00e7\u00e3o ambiental para a gest\u00e3o sustent\u00e1vel dos recursos h\u00eddricos com duas possibilidades:<\/p>\n<ul>\n<li>Sensibiliza\u00e7\u00e3o, conscientiza\u00e7\u00e3o e mobiliza\u00e7\u00e3o socioambiental;<\/li>\n<li>Educa\u00e7\u00e3o voltada \u00e0 comunica\u00e7\u00e3o, difus\u00e3o e dissemina\u00e7\u00e3o de informa\u00e7\u00f5es.<\/li>\n<\/ul>\n<p><strong>Publicado: <\/strong>30\/11\/2022 \u2013 \u00e0s 16h14<\/p>\n<p><img decoding=\"async\" class=\"alignnone wp-image-1826 lazyload\" src=\"data:image\/gif;base64,R0lGODlhAQABAAAAACH5BAEKAAEALAAAAAABAAEAAAICTAEAOw==\" data-src=\"https:\/\/saaemb.sp.gov.br\/wp-content\/uploads\/2022\/11\/Objetivos-de-Desenvolvimento-Sustentavel-300x195.png\" alt=\"\" width=\"175\" height=\"114\" \/> <img decoding=\"async\" class=\"alignnone wp-image-1815 lazyload\" src=\"data:image\/gif;base64,R0lGODlhAQABAAAAACH5BAEKAAEALAAAAAABAAEAAAICTAEAOw==\" data-src=\"https:\/\/saaemb.sp.gov.br\/wp-content\/uploads\/2022\/11\/8.-Trabalho-decente-e-crescimento-economico-300x300.png\" alt=\"\" width=\"117\" height=\"117\" \/> <img decoding=\"async\" class=\"alignnone wp-image-1805 lazyload\" src=\"data:image\/gif;base64,R0lGODlhAQABAAAAACH5BAEKAAEALAAAAAABAAEAAAICTAEAOw==\" data-src=\"https:\/\/saaemb.sp.gov.br\/wp-content\/uploads\/2022\/11\/11.-Cidades-e-comunidades-sustenstaveis-300x300.png\" alt=\"\" width=\"116\" height=\"116\" \/> <img loading=\"lazy\" decoding=\"async\" class=\"alignnone wp-image-1819 lazyload\" src=\"data:image\/gif;base64,R0lGODlhAQABAAAAACH5BAEKAAEALAAAAAABAAEAAAICTAEAOw==\" data-src=\"https:\/\/saaemb.sp.gov.br\/wp-content\/uploads\/2022\/11\/13.-Acao-contra-a-mudanca-global-do-clima-300x300.png\" alt=\"\" width=\"116\" height=\"116\" \/><\/p>\n","protected":false},"excerpt":{"rendered":"<p>A Qu\u00edmica Let\u00edcia Souza Possani, do Servi\u00e7o Aut\u00f4nomo de \u00c1gua, Esgoto e Meio Ambiente (SAAEMB), Giancarlo Sanches Mestriner, diretor do Desenvolvimento Econ\u00f4mico, Agricultura e Meio Ambiente e o vereador Jo\u00e3o Luiz Perez Junior, participaram na sexta-feira, (25), de reuni\u00e3o do Comit\u00ea da Bacia Hidrogr\u00e1fica do Baixo Tiet\u00ea (CBH-BT), na cidade de Birigui. O objetivo do [&hellip;]<\/p>\n","protected":false},"author":1,"featured_media":1862,"comment_status":"open","ping_status":"open","sticky":false,"template":"","format":"standard","meta":{"footnotes":""},"categories":[20],"tags":[],"class_list":["post-1857","post","type-post","status-publish","format-standard","has-post-thumbnail","hentry","category-noticias"],"_links":{"self":[{"href":"https:\/\/saaemb.sp.gov.br\/index.php\/wp-json\/wp\/v2\/posts\/1857","targetHints":{"allow":["GET"]}}],"collection":[{"href":"https:\/\/saaemb.sp.gov.br\/index.php\/wp-json\/wp\/v2\/posts"}],"about":[{"href":"https:\/\/saaemb.sp.gov.br\/index.php\/wp-json\/wp\/v2\/types\/post"}],"author":[{"embeddable":true,"href":"https:\/\/saaemb.sp.gov.br\/index.php\/wp-json\/wp\/v2\/users\/1"}],"replies":[{"embeddable":true,"href":"https:\/\/saaemb.sp.gov.br\/index.php\/wp-json\/wp\/v2\/comments?post=1857"}],"version-history":[{"count":0,"href":"https:\/\/saaemb.sp.gov.br\/index.php\/wp-json\/wp\/v2\/posts\/1857\/revisions"}],"wp:featuredmedia":[{"embeddable":true,"href":"https:\/\/saaemb.sp.gov.br\/index.php\/wp-json\/wp\/v2\/media\/1862"}],"wp:attachment":[{"href":"https:\/\/saaemb.sp.gov.br\/index.php\/wp-json\/wp\/v2\/media?parent=1857"}],"wp:term":[{"taxonomy":"category","embeddable":true,"href":"https:\/\/saaemb.sp.gov.br\/index.php\/wp-json\/wp\/v2\/categories?post=1857"},{"taxonomy":"post_tag","embeddable":true,"href":"https:\/\/saaemb.sp.gov.br\/index.php\/wp-json\/wp\/v2\/tags?post=1857"}],"curies":[{"name":"wp","href":"https:\/\/api.w.org\/{rel}","templated":true}]}}