{"id":1863,"date":"2022-12-01T08:13:21","date_gmt":"2022-12-01T10:13:21","guid":{"rendered":"https:\/\/saaemb.sp.gov.br\/?p=1863"},"modified":"2022-12-01T08:13:21","modified_gmt":"2022-12-01T10:13:21","slug":"campanha-recolhe-embalagens-vazias-de-agrotoxicos-em-buritama","status":"publish","type":"post","link":"https:\/\/saaemb.sp.gov.br\/index.php\/2022\/12\/01\/campanha-recolhe-embalagens-vazias-de-agrotoxicos-em-buritama\/","title":{"rendered":"Campanha recolhe embalagens vazias de agrot\u00f3xicos em Buritama"},"content":{"rendered":"<p>Uma a\u00e7\u00e3o do munic\u00edpio de Buritama, em parceria com a Casa da Agricultura, promove a conscientiza\u00e7\u00e3o dos produtores rurais para que fa\u00e7am a devolu\u00e7\u00e3o das embalagens vazias de agrot\u00f3xicos. A mobiliza\u00e7\u00e3o acontece no dia 7 de dezembro, das 9h \u00e0s 15h, no recinto de festas do pe\u00e3o \u201cOdilon Ferreira de Almeida\u201d.<\/p>\n<p>O material recolhido ser\u00e1 encaminhado para o centro de coleta, que fica no munic\u00edpio de Bilac, onde ser\u00e3o reciclados ou incinerados. A meta da 6\u00aa campanha de coleta \u00e9 evitar que o material seja descartado de forma irregular no meio ambiente.<\/p>\n<p>\u00c9 importante que o produtor fa\u00e7a a tr\u00edplice lavagem das embalagens antes da entrega. Outra orienta\u00e7\u00e3o \u00e9 que as tampas devem ser levadas na entrega dos recipientes. Toda mobiliza\u00e7\u00e3o visa retirar de circula\u00e7\u00e3o esse tipo de material, o que oferece risco \u00e0 sa\u00fade humana como ambiental, j\u00e1 que pode contaminar o len\u00e7ol fre\u00e1tico.<\/p>\n<p>Segundo a engenheira agr\u00f4noma, Patr\u00edcia Yaiko Nakatu Duarte, a entrega dos recipientes vazios \u00e9 obrigat\u00f3rio.\u00a0\u201cA destina\u00e7\u00e3o correta das embalagens vazias contribui para a preserva\u00e7\u00e3o da sa\u00fade humana e do meio ambiente e possibilita a economia de produto resultante da tr\u00edplice lavagem das embalagens\u201d, afirmou.<\/p>\n<p>Para a engenheira, \u00e9 importante que o agricultor inutilize a embalagem pl\u00e1stica ou met\u00e1lica perfurando o fundo. Ela comentou ainda que a legisla\u00e7\u00e3o federal disciplina a destina\u00e7\u00e3o final de embalagens vazias e determina as responsabilidades para o agricultor, o revendedor e para o fabricante<\/p>\n<p>\u201cAs embalagens flex\u00edveis devem ser esvaziadas completamente, na ocasi\u00e3o do uso e guardadas dentro de uma embalagem de resgate fechada e identificada. As r\u00edgidas devem ser tampadas e acondicionadas de prefer\u00eancia na pr\u00f3pria caixa de embarque e as secund\u00e1rias armazenadas separadamente das embalagens contaminadas, podendo ser utilizadas para acondicionar as embalagens r\u00edgidas\u201d, finaliza Patr\u00edcia.<\/p>\n<p><strong>Servi\u00e7o<\/strong><\/p>\n<p>Campanha de coleta de embalagens de agrot\u00f3xicos<\/p>\n<p><strong>Quando:\u00a0<\/strong>7 de dezembro<\/p>\n<p><strong>Hor\u00e1rio:\u00a0<\/strong>9h \u00e0s 15h<\/p>\n<p><strong>Onde:\u00a0<\/strong>Avenida Daniel Luiz Guerbas, s\/n, quil\u00f4metro zero da vicinal Buritama &#8211; Zacarias.<\/p>\n<p><strong>Custo:<\/strong>\u00a0Gratuito<\/p>\n<p><strong>Publicado: <\/strong>01\/12\/2022 \u2013 \u00e0s 07h13<\/p>\n<p><img decoding=\"async\" class=\"alignnone  wp-image-1826 lazyload\" src=\"data:image\/gif;base64,R0lGODlhAQABAAAAACH5BAEKAAEALAAAAAABAAEAAAICTAEAOw==\" data-src=\"https:\/\/saaemb.sp.gov.br\/wp-content\/uploads\/2022\/11\/Objetivos-de-Desenvolvimento-Sustentavel-300x195.png\" alt=\"\" width=\"182\" height=\"118\" \/> <img decoding=\"async\" class=\"alignnone  wp-image-1805 lazyload\" src=\"data:image\/gif;base64,R0lGODlhAQABAAAAACH5BAEKAAEALAAAAAABAAEAAAICTAEAOw==\" data-src=\"https:\/\/saaemb.sp.gov.br\/wp-content\/uploads\/2022\/11\/11.-Cidades-e-comunidades-sustenstaveis-300x300.png\" alt=\"\" width=\"102\" height=\"102\" \/> <img decoding=\"async\" class=\"alignnone  wp-image-1819 lazyload\" src=\"data:image\/gif;base64,R0lGODlhAQABAAAAACH5BAEKAAEALAAAAAABAAEAAAICTAEAOw==\" data-src=\"https:\/\/saaemb.sp.gov.br\/wp-content\/uploads\/2022\/11\/13.-Acao-contra-a-mudanca-global-do-clima-300x300.png\" alt=\"\" width=\"102\" height=\"102\" \/> <img loading=\"lazy\" decoding=\"async\" class=\"alignnone  wp-image-1806 lazyload\" src=\"data:image\/gif;base64,R0lGODlhAQABAAAAACH5BAEKAAEALAAAAAABAAEAAAICTAEAOw==\" data-src=\"https:\/\/saaemb.sp.gov.br\/wp-content\/uploads\/2022\/11\/15.-Vida-terrestre-300x300.png\" alt=\"\" width=\"101\" height=\"101\" \/><\/p>\n","protected":false},"excerpt":{"rendered":"<p>Uma a\u00e7\u00e3o do munic\u00edpio de Buritama, em parceria com a Casa da Agricultura, promove a conscientiza\u00e7\u00e3o dos produtores rurais para que fa\u00e7am a devolu\u00e7\u00e3o das embalagens vazias de agrot\u00f3xicos. A mobiliza\u00e7\u00e3o acontece no dia 7 de dezembro, das 9h \u00e0s 15h, no recinto de festas do pe\u00e3o \u201cOdilon Ferreira de Almeida\u201d. O material recolhido ser\u00e1 [&hellip;]<\/p>\n","protected":false},"author":1,"featured_media":1864,"comment_status":"open","ping_status":"open","sticky":false,"template":"","format":"standard","meta":{"footnotes":""},"categories":[24],"tags":[],"class_list":["post-1863","post","type-post","status-publish","format-standard","has-post-thumbnail","hentry","category-municipio-verdeazul-2"],"_links":{"self":[{"href":"https:\/\/saaemb.sp.gov.br\/index.php\/wp-json\/wp\/v2\/posts\/1863","targetHints":{"allow":["GET"]}}],"collection":[{"href":"https:\/\/saaemb.sp.gov.br\/index.php\/wp-json\/wp\/v2\/posts"}],"about":[{"href":"https:\/\/saaemb.sp.gov.br\/index.php\/wp-json\/wp\/v2\/types\/post"}],"author":[{"embeddable":true,"href":"https:\/\/saaemb.sp.gov.br\/index.php\/wp-json\/wp\/v2\/users\/1"}],"replies":[{"embeddable":true,"href":"https:\/\/saaemb.sp.gov.br\/index.php\/wp-json\/wp\/v2\/comments?post=1863"}],"version-history":[{"count":0,"href":"https:\/\/saaemb.sp.gov.br\/index.php\/wp-json\/wp\/v2\/posts\/1863\/revisions"}],"wp:featuredmedia":[{"embeddable":true,"href":"https:\/\/saaemb.sp.gov.br\/index.php\/wp-json\/wp\/v2\/media\/1864"}],"wp:attachment":[{"href":"https:\/\/saaemb.sp.gov.br\/index.php\/wp-json\/wp\/v2\/media?parent=1863"}],"wp:term":[{"taxonomy":"category","embeddable":true,"href":"https:\/\/saaemb.sp.gov.br\/index.php\/wp-json\/wp\/v2\/categories?post=1863"},{"taxonomy":"post_tag","embeddable":true,"href":"https:\/\/saaemb.sp.gov.br\/index.php\/wp-json\/wp\/v2\/tags?post=1863"}],"curies":[{"name":"wp","href":"https:\/\/api.w.org\/{rel}","templated":true}]}}