{"id":1874,"date":"2022-12-07T11:21:32","date_gmt":"2022-12-07T13:21:32","guid":{"rendered":"https:\/\/saaemb.sp.gov.br\/?p=1874"},"modified":"2022-12-07T11:21:32","modified_gmt":"2022-12-07T13:21:32","slug":"buritama-realiza-coleta-embalagens-de-agrotoxicos-no-recinto-de-festas","status":"publish","type":"post","link":"https:\/\/saaemb.sp.gov.br\/index.php\/2022\/12\/07\/buritama-realiza-coleta-embalagens-de-agrotoxicos-no-recinto-de-festas\/","title":{"rendered":"Buritama realiza coleta embalagens de agrot\u00f3xicos no recinto de festas"},"content":{"rendered":"<p>O munic\u00edpio de Buritama, em parceria com a Casa da Agricultura, realizou na quarta-feira (7), a 6\u00aa campanha de recolhimento de embalagens vazias de agrot\u00f3xicos. A conscientiza\u00e7\u00e3o aconteceu no recinto de festas do pe\u00e3o \u201cOdilon Ferreira de Almeida\u201d. O objetivo da coleta \u00e9 evitar que o recipiente seja descartado de forma irregular no meio ambiente.<\/p>\n<p>O material recolhido ser\u00e1 encaminhado para o centro de coleta, que fica no munic\u00edpio de Bilac, onde ser\u00e3o reciclados ou incinerados. <span style=\"background: white;\">Segundo a engenheira agr\u00f4noma, Patr\u00edcia Yaiko Nakatu Duarte, a entrega dos recipientes vazios \u00e9 obrigat\u00f3rio.\u00a0<\/span><\/p>\n<p>\u201cCom o destino correto das embalagens, \u00e9 poss\u00edvel evitar problemas de contamina\u00e7\u00e3o ambiental, al\u00e9m de autua\u00e7\u00f5es pelos \u00f3rg\u00e3os respons\u00e1veis\u201d, afirmou ao dizer que os agricultores devem ficar atentos com a data da coleta.<\/p>\n<p>Para a engenheira, \u00e9 importante que o agricultor inutilize a embalagem pl\u00e1stica ou met\u00e1lica perfurando o fundo. Ela comentou ainda que <span style=\"background: white;\">a legisla\u00e7\u00e3o federal disciplina a destina\u00e7\u00e3o final de embalagens vazias e determina as responsabilidades para o agricultor, o revendedor e para o fabricante.<\/span><\/p>\n<p><span style=\"background: white;\">\u201cCom a a\u00e7\u00e3o de recolhimento feita no munic\u00edpio, al\u00e9m de destinar corretamente as embalagens e preservar o solo, a iniciativa atende aos princ\u00edpios dos Objetivos de Desenvolvimento Sustent\u00e1vel (ODS) que apoia o desenvolvimento de projetos em benef\u00edcio ao meio ambiente e a sa\u00fade da popula\u00e7\u00e3o\u201d, concluiu Patr\u00edcia ao dizer que a <\/span>a\u00e7\u00e3o contou com a participa\u00e7\u00e3o do m\u00e9dico-veterin\u00e1rio Milson Polizel e do zootecnista Carlos Eduardo dos Santos.<\/p>\n<p>Os agricultores que tenham embalagens vazias e n\u00e3o participaram da campanha podem obter informa\u00e7\u00f5es sobre o destino correto na sede da Casa da Agricultora, localizada na rua Floriano Peixoto, 735, Centro, com atendimento de segunda a sexta-feira, das 7h \u00e0s 17h, ou pelo telefone (18) 3691-1248.<\/p>\n<p><strong>Publicado:\u00a0<\/strong>07\/12\/2022 \u2013 \u00e0s 10h21<\/p>\n<p><img decoding=\"async\" class=\"alignnone wp-image-1826 lazyload\" src=\"data:image\/gif;base64,R0lGODlhAQABAAAAACH5BAEKAAEALAAAAAABAAEAAAICTAEAOw==\" data-src=\"https:\/\/saaemb.sp.gov.br\/wp-content\/uploads\/2022\/11\/Objetivos-de-Desenvolvimento-Sustentavel-300x195.png\" alt=\"\" width=\"188\" height=\"122\" \/> <img decoding=\"async\" class=\"alignnone wp-image-1805 lazyload\" src=\"data:image\/gif;base64,R0lGODlhAQABAAAAACH5BAEKAAEALAAAAAABAAEAAAICTAEAOw==\" data-src=\"https:\/\/saaemb.sp.gov.br\/wp-content\/uploads\/2022\/11\/11.-Cidades-e-comunidades-sustenstaveis-300x300.png\" alt=\"\" width=\"107\" height=\"107\" \/> <img decoding=\"async\" class=\"alignnone wp-image-1819 lazyload\" src=\"data:image\/gif;base64,R0lGODlhAQABAAAAACH5BAEKAAEALAAAAAABAAEAAAICTAEAOw==\" data-src=\"https:\/\/saaemb.sp.gov.br\/wp-content\/uploads\/2022\/11\/13.-Acao-contra-a-mudanca-global-do-clima-300x300.png\" alt=\"\" width=\"108\" height=\"108\" \/> <img loading=\"lazy\" decoding=\"async\" class=\"alignnone wp-image-1806 lazyload\" src=\"data:image\/gif;base64,R0lGODlhAQABAAAAACH5BAEKAAEALAAAAAABAAEAAAICTAEAOw==\" data-src=\"https:\/\/saaemb.sp.gov.br\/wp-content\/uploads\/2022\/11\/15.-Vida-terrestre-300x300.png\" alt=\"\" width=\"107\" height=\"107\" \/><\/p>\n<p>&nbsp;<\/p>\n","protected":false},"excerpt":{"rendered":"<p>O munic\u00edpio de Buritama, em parceria com a Casa da Agricultura, realizou na quarta-feira (7), a 6\u00aa campanha de recolhimento de embalagens vazias de agrot\u00f3xicos. A conscientiza\u00e7\u00e3o aconteceu no recinto de festas do pe\u00e3o \u201cOdilon Ferreira de Almeida\u201d. O objetivo da coleta \u00e9 evitar que o recipiente seja descartado de forma irregular no meio ambiente. [&hellip;]<\/p>\n","protected":false},"author":1,"featured_media":1875,"comment_status":"open","ping_status":"open","sticky":false,"template":"","format":"standard","meta":{"footnotes":""},"categories":[20],"tags":[],"class_list":["post-1874","post","type-post","status-publish","format-standard","has-post-thumbnail","hentry","category-noticias"],"_links":{"self":[{"href":"https:\/\/saaemb.sp.gov.br\/index.php\/wp-json\/wp\/v2\/posts\/1874","targetHints":{"allow":["GET"]}}],"collection":[{"href":"https:\/\/saaemb.sp.gov.br\/index.php\/wp-json\/wp\/v2\/posts"}],"about":[{"href":"https:\/\/saaemb.sp.gov.br\/index.php\/wp-json\/wp\/v2\/types\/post"}],"author":[{"embeddable":true,"href":"https:\/\/saaemb.sp.gov.br\/index.php\/wp-json\/wp\/v2\/users\/1"}],"replies":[{"embeddable":true,"href":"https:\/\/saaemb.sp.gov.br\/index.php\/wp-json\/wp\/v2\/comments?post=1874"}],"version-history":[{"count":0,"href":"https:\/\/saaemb.sp.gov.br\/index.php\/wp-json\/wp\/v2\/posts\/1874\/revisions"}],"wp:featuredmedia":[{"embeddable":true,"href":"https:\/\/saaemb.sp.gov.br\/index.php\/wp-json\/wp\/v2\/media\/1875"}],"wp:attachment":[{"href":"https:\/\/saaemb.sp.gov.br\/index.php\/wp-json\/wp\/v2\/media?parent=1874"}],"wp:term":[{"taxonomy":"category","embeddable":true,"href":"https:\/\/saaemb.sp.gov.br\/index.php\/wp-json\/wp\/v2\/categories?post=1874"},{"taxonomy":"post_tag","embeddable":true,"href":"https:\/\/saaemb.sp.gov.br\/index.php\/wp-json\/wp\/v2\/tags?post=1874"}],"curies":[{"name":"wp","href":"https:\/\/api.w.org\/{rel}","templated":true}]}}