{"id":1878,"date":"2022-12-13T15:50:07","date_gmt":"2022-12-13T17:50:07","guid":{"rendered":"https:\/\/saaemb.sp.gov.br\/?p=1878"},"modified":"2022-12-13T15:50:07","modified_gmt":"2022-12-13T17:50:07","slug":"campanha-recolhe-4-150-embalagens-de-agrotoxicos-em-buritama","status":"publish","type":"post","link":"https:\/\/saaemb.sp.gov.br\/index.php\/2022\/12\/13\/campanha-recolhe-4-150-embalagens-de-agrotoxicos-em-buritama\/","title":{"rendered":"Campanha recolhe 4.150 embalagens de agrot\u00f3xicos em Buritama"},"content":{"rendered":"<p>O munic\u00edpio de Buritama realizou em parceria com a Casa da Agricultura, a 6\u00aa campanha de coleta de embalagens de agrot\u00f3xicos. A a\u00e7\u00e3o mobilizou 22 agricultores, com a devolu\u00e7\u00e3o de 4.150 recipientes. A campanha foi realizada no in\u00edcio do m\u00eas de dezembro e aconteceu no recinto de festas do pe\u00e3o \u201cOdilon Ferreira de Almeida\u201d.<\/p>\n<p>O objetivo foi oferecer apoio aos produtores na log\u00edstica de devolu\u00e7\u00e3o das embalagens e garantir o destino correto, visto que a dist\u00e2ncia entre as propriedades at\u00e9 a empresa respons\u00e1vel pela coleta, que fica na cidade de Bilac, pode inviabilizar a devolu\u00e7\u00e3o, que \u00e9 obrigat\u00f3ria.<\/p>\n<p><span style=\"background: white;\">Segundo a engenheira agr\u00f4noma, Patr\u00edcia Yaiko Nakatu Duarte, a mobiliza\u00e7\u00e3o contou com o apoio do <\/span>m\u00e9dico-veterin\u00e1rio Milson Polizel e do zootecnista Carlos Eduardo dos Santos. Ela citou ainda que a a\u00e7\u00e3o evita que os recipientes sejam descartados de forma inadequada pelos produtores, podendo contaminar o solo e \u00e1gua.<\/p>\n<p>Patr\u00edcia diz que todo ano, com exce\u00e7\u00e3o do per\u00edodo de pandemia, a campanha acontece para alertar os agricultores sobre o risco e a forma adequada do descarte. \u201c\u00c9 importante citar que a cada campanha, novos produtores aderem \u00e0 iniciativa que contribui para a preserva\u00e7\u00e3o do meio ambiente\u201d, comentou.<\/p>\n<p>A meta da Casa da Agricultura, conforme Patr\u00edcia, \u00e9 alertar sobre a import\u00e2ncia do descarte correto e orientar os produtores rurais sobre um planejamento importante de cuidados com o uso dos agrot\u00f3xicos. \u201c\u00c9 preciso tamb\u00e9m lavar muito bem as embalagens ap\u00f3s o uso, aplicando a tr\u00edplice lavagem\u201d, finalizou.<\/p>\n<p>Os agricultores que tenham embalagens vazias e n\u00e3o participaram da campanha podem obter informa\u00e7\u00f5es sobre o destino correto na sede da Casa da Agricultora, localizada na rua Floriano Peixoto, 735, Centro, com atendimento de segunda a sexta-feira, das 7h \u00e0s 17h, ou pelo telefone (18) 3691-1248.<\/p>\n<p><strong>Roteiro de cuidados<\/strong><\/p>\n<p>O produtor rural deve seguir uma rotina para garantir a preserva\u00e7\u00e3o do meio ambiente e com a sua sa\u00fade. O primeiro passo \u00e9 esvaziar por completo as embalagens no tanque do pulverizador e em seguida adicionar \u00e1gua limpa em at\u00e9 um quarto do volume do frasco, ap\u00f3s deve fechar bem e agitar por volta de 30 segundos.<\/p>\n<p>\u00c9 importante que o agricultor fa\u00e7a essa a\u00e7\u00e3o por tr\u00eas vezes e o descarte da \u00e1gua deve ser feita no pulverizador. Outro detalhe fundamental \u00e9 inutilizar os recipientes (fazer pequenos furos), para evitar que sejam reaproveitados.<\/p>\n<p>Os frascos lavados e inutilizados precisam ser armazenados em um local seguro, at\u00e9 que a pr\u00f3xima campanha aconte\u00e7a no munic\u00edpio. As embalagens devem ser entregues e ser\u00e3o destinadas para empresas especializadas nesse material, o qual ser\u00e1 reciclado. Por fim, ao levar os recipientes, o produtor dever\u00e1 apresentar os recibos do produto.<\/p>\n<p><strong>Publicado: <\/strong>13\/12\/2022 \u2013 \u00e0s 14h53<\/p>\n<p><img decoding=\"async\" class=\"alignnone wp-image-1826 lazyload\" src=\"data:image\/gif;base64,R0lGODlhAQABAAAAACH5BAEKAAEALAAAAAABAAEAAAICTAEAOw==\" data-src=\"https:\/\/saaemb.sp.gov.br\/wp-content\/uploads\/2022\/11\/Objetivos-de-Desenvolvimento-Sustentavel-300x195.png\" alt=\"\" width=\"171\" height=\"111\" \/> <img decoding=\"async\" class=\"alignnone wp-image-1805 lazyload\" src=\"data:image\/gif;base64,R0lGODlhAQABAAAAACH5BAEKAAEALAAAAAABAAEAAAICTAEAOw==\" data-src=\"https:\/\/saaemb.sp.gov.br\/wp-content\/uploads\/2022\/11\/11.-Cidades-e-comunidades-sustenstaveis-300x300.png\" alt=\"\" width=\"112\" height=\"112\" \/> <img decoding=\"async\" class=\"alignnone wp-image-1819 lazyload\" src=\"data:image\/gif;base64,R0lGODlhAQABAAAAACH5BAEKAAEALAAAAAABAAEAAAICTAEAOw==\" data-src=\"https:\/\/saaemb.sp.gov.br\/wp-content\/uploads\/2022\/11\/13.-Acao-contra-a-mudanca-global-do-clima-300x300.png\" alt=\"\" width=\"112\" height=\"112\" \/> <img loading=\"lazy\" decoding=\"async\" class=\"alignnone wp-image-1806 lazyload\" src=\"data:image\/gif;base64,R0lGODlhAQABAAAAACH5BAEKAAEALAAAAAABAAEAAAICTAEAOw==\" data-src=\"https:\/\/saaemb.sp.gov.br\/wp-content\/uploads\/2022\/11\/15.-Vida-terrestre-300x300.png\" alt=\"\" width=\"111\" height=\"111\" \/><\/p>\n","protected":false},"excerpt":{"rendered":"<p>O munic\u00edpio de Buritama realizou em parceria com a Casa da Agricultura, a 6\u00aa campanha de coleta de embalagens de agrot\u00f3xicos. A a\u00e7\u00e3o mobilizou 22 agricultores, com a devolu\u00e7\u00e3o de 4.150 recipientes. A campanha foi realizada no in\u00edcio do m\u00eas de dezembro e aconteceu no recinto de festas do pe\u00e3o \u201cOdilon Ferreira de Almeida\u201d. O [&hellip;]<\/p>\n","protected":false},"author":1,"featured_media":1879,"comment_status":"open","ping_status":"open","sticky":false,"template":"","format":"standard","meta":{"footnotes":""},"categories":[20],"tags":[],"class_list":["post-1878","post","type-post","status-publish","format-standard","has-post-thumbnail","hentry","category-noticias"],"_links":{"self":[{"href":"https:\/\/saaemb.sp.gov.br\/index.php\/wp-json\/wp\/v2\/posts\/1878","targetHints":{"allow":["GET"]}}],"collection":[{"href":"https:\/\/saaemb.sp.gov.br\/index.php\/wp-json\/wp\/v2\/posts"}],"about":[{"href":"https:\/\/saaemb.sp.gov.br\/index.php\/wp-json\/wp\/v2\/types\/post"}],"author":[{"embeddable":true,"href":"https:\/\/saaemb.sp.gov.br\/index.php\/wp-json\/wp\/v2\/users\/1"}],"replies":[{"embeddable":true,"href":"https:\/\/saaemb.sp.gov.br\/index.php\/wp-json\/wp\/v2\/comments?post=1878"}],"version-history":[{"count":0,"href":"https:\/\/saaemb.sp.gov.br\/index.php\/wp-json\/wp\/v2\/posts\/1878\/revisions"}],"wp:featuredmedia":[{"embeddable":true,"href":"https:\/\/saaemb.sp.gov.br\/index.php\/wp-json\/wp\/v2\/media\/1879"}],"wp:attachment":[{"href":"https:\/\/saaemb.sp.gov.br\/index.php\/wp-json\/wp\/v2\/media?parent=1878"}],"wp:term":[{"taxonomy":"category","embeddable":true,"href":"https:\/\/saaemb.sp.gov.br\/index.php\/wp-json\/wp\/v2\/categories?post=1878"},{"taxonomy":"post_tag","embeddable":true,"href":"https:\/\/saaemb.sp.gov.br\/index.php\/wp-json\/wp\/v2\/tags?post=1878"}],"curies":[{"name":"wp","href":"https:\/\/api.w.org\/{rel}","templated":true}]}}