{"id":1895,"date":"2022-12-20T12:28:03","date_gmt":"2022-12-20T14:28:03","guid":{"rendered":"https:\/\/saaemb.sp.gov.br\/?p=1895"},"modified":"2022-12-20T12:28:03","modified_gmt":"2022-12-20T14:28:03","slug":"comdema-de-buritama-discute-acoes-para-2023","status":"publish","type":"post","link":"https:\/\/saaemb.sp.gov.br\/index.php\/2022\/12\/20\/comdema-de-buritama-discute-acoes-para-2023\/","title":{"rendered":"COMDEMA de Buritama discute a\u00e7\u00f5es para 2023"},"content":{"rendered":"<p>O Conselho Municipal de Defesa do Meio Ambiente de Buritama (COMDEMA), fez hoje (20), reuni\u00e3o para debater a\u00e7\u00f5es sobre a preserva\u00e7\u00e3o de nascentes, mutir\u00e3o para replantio de mudas, sugest\u00e3o de novos nomes ao \u00f3rg\u00e3o e fiscaliza\u00e7\u00e3o sobre podas irregulares de \u00e1rvores.<\/p>\n<p>Nesse ano, o conselho fez parte de projetos como a cria\u00e7\u00e3o do Ecoponto de vidros instalado no almoxarifado e do Ecoponto de pilhas e baterias com pontos de coletas criados em \u00f3rg\u00e3os p\u00fablicos. Durante todo o ano, os participantes debateram a\u00e7\u00f5es para a preserva\u00e7\u00e3o do meio ambiente em parceria com a prefeitura.<\/p>\n<p>De acordo com a presidente, Patr\u00edcia Yaiko Nakatu Duarte, para o pr\u00f3ximo ano, o conselho deve ampliar os debates e desenvolver novos projetos em parceria com o munic\u00edpio. Para ela, a meta \u00e9 fomentar as pol\u00edticas p\u00fablicas e nortear quest\u00f5es pautadas na preserva\u00e7\u00e3o do meio ambiente.<\/p>\n<p>\u201cO COMDEMA \u00e9 o conselho deliberativo, consultivo e propositivo que busca o debate, a elabora\u00e7\u00e3o e a fiscaliza\u00e7\u00e3o de pol\u00edticas p\u00fablicas voltadas ao meio ambiente no \u00e2mbito municipal, com o objetivo de promover a\u00e7\u00f5es na cidade, as quais possam atender as demandas dos objetivos de desenvolvimento sustent\u00e1vel\u201d, concluiu Patr\u00edcia.<\/p>\n<p>As reuni\u00f5es acontecem na Casa da Agricultura que fica na rua Floriano Peixoto, 735, Centro. Com atendimento de segunda a sexta-feira, das 7h \u00e0s 17h.<\/p>\n<p><strong>COMDEMA<\/strong><\/p>\n<p>\u00c9 um \u00f3rg\u00e3o local, de composi\u00e7\u00e3o parit\u00e1ria, com car\u00e1ter consultivo, deliberativo e contribui em a\u00e7\u00f5es com a prefeitura, em quest\u00f5es voltadas ao meio ambiente, em toda a \u00e1rea do munic\u00edpio. O conselho \u00e9 presidido pela engenheira agr\u00f4noma Patr\u00edcia Yaiko Nakatu Duarte e conta com 16 membros, sendo 8 do poder p\u00fablico e 8 representantes da sociedade civil, com reuni\u00f5es mensais e a dura\u00e7\u00e3o de cada gest\u00e3o \u00e9 de 2 anos.<\/p>\n<p><strong>Publicado:\u00a0<\/strong>20\/12\/2022 \u2013 \u00e0s 11h28<\/p>\n<p><img decoding=\"async\" class=\"alignnone  wp-image-1826 lazyload\" src=\"data:image\/gif;base64,R0lGODlhAQABAAAAACH5BAEKAAEALAAAAAABAAEAAAICTAEAOw==\" data-src=\"https:\/\/saaemb.sp.gov.br\/wp-content\/uploads\/2022\/11\/Objetivos-de-Desenvolvimento-Sustentavel-300x195.png\" alt=\"\" width=\"174\" height=\"113\" \/> <img decoding=\"async\" class=\"alignnone  wp-image-1805 lazyload\" src=\"data:image\/gif;base64,R0lGODlhAQABAAAAACH5BAEKAAEALAAAAAABAAEAAAICTAEAOw==\" data-src=\"https:\/\/saaemb.sp.gov.br\/wp-content\/uploads\/2022\/11\/11.-Cidades-e-comunidades-sustenstaveis-300x300.png\" alt=\"\" width=\"102\" height=\"102\" \/> <img decoding=\"async\" class=\"alignnone  wp-image-1819 lazyload\" src=\"data:image\/gif;base64,R0lGODlhAQABAAAAACH5BAEKAAEALAAAAAABAAEAAAICTAEAOw==\" data-src=\"https:\/\/saaemb.sp.gov.br\/wp-content\/uploads\/2022\/11\/13.-Acao-contra-a-mudanca-global-do-clima-300x300.png\" alt=\"\" width=\"102\" height=\"102\" \/> <img loading=\"lazy\" decoding=\"async\" class=\"alignnone  wp-image-1806 lazyload\" src=\"data:image\/gif;base64,R0lGODlhAQABAAAAACH5BAEKAAEALAAAAAABAAEAAAICTAEAOw==\" data-src=\"https:\/\/saaemb.sp.gov.br\/wp-content\/uploads\/2022\/11\/15.-Vida-terrestre-300x300.png\" alt=\"\" width=\"102\" height=\"102\" \/><\/p>\n","protected":false},"excerpt":{"rendered":"<p>O Conselho Municipal de Defesa do Meio Ambiente de Buritama (COMDEMA), fez hoje (20), reuni\u00e3o para debater a\u00e7\u00f5es sobre a preserva\u00e7\u00e3o de nascentes, mutir\u00e3o para replantio de mudas, sugest\u00e3o de novos nomes ao \u00f3rg\u00e3o e fiscaliza\u00e7\u00e3o sobre podas irregulares de \u00e1rvores. Nesse ano, o conselho fez parte de projetos como a cria\u00e7\u00e3o do Ecoponto de [&hellip;]<\/p>\n","protected":false},"author":1,"featured_media":1896,"comment_status":"open","ping_status":"open","sticky":false,"template":"","format":"standard","meta":{"footnotes":""},"categories":[20],"tags":[],"class_list":["post-1895","post","type-post","status-publish","format-standard","has-post-thumbnail","hentry","category-noticias"],"_links":{"self":[{"href":"https:\/\/saaemb.sp.gov.br\/index.php\/wp-json\/wp\/v2\/posts\/1895","targetHints":{"allow":["GET"]}}],"collection":[{"href":"https:\/\/saaemb.sp.gov.br\/index.php\/wp-json\/wp\/v2\/posts"}],"about":[{"href":"https:\/\/saaemb.sp.gov.br\/index.php\/wp-json\/wp\/v2\/types\/post"}],"author":[{"embeddable":true,"href":"https:\/\/saaemb.sp.gov.br\/index.php\/wp-json\/wp\/v2\/users\/1"}],"replies":[{"embeddable":true,"href":"https:\/\/saaemb.sp.gov.br\/index.php\/wp-json\/wp\/v2\/comments?post=1895"}],"version-history":[{"count":0,"href":"https:\/\/saaemb.sp.gov.br\/index.php\/wp-json\/wp\/v2\/posts\/1895\/revisions"}],"wp:featuredmedia":[{"embeddable":true,"href":"https:\/\/saaemb.sp.gov.br\/index.php\/wp-json\/wp\/v2\/media\/1896"}],"wp:attachment":[{"href":"https:\/\/saaemb.sp.gov.br\/index.php\/wp-json\/wp\/v2\/media?parent=1895"}],"wp:term":[{"taxonomy":"category","embeddable":true,"href":"https:\/\/saaemb.sp.gov.br\/index.php\/wp-json\/wp\/v2\/categories?post=1895"},{"taxonomy":"post_tag","embeddable":true,"href":"https:\/\/saaemb.sp.gov.br\/index.php\/wp-json\/wp\/v2\/tags?post=1895"}],"curies":[{"name":"wp","href":"https:\/\/api.w.org\/{rel}","templated":true}]}}