{"id":1899,"date":"2022-12-22T09:27:12","date_gmt":"2022-12-22T11:27:12","guid":{"rendered":"https:\/\/saaemb.sp.gov.br\/?p=1899"},"modified":"2022-12-22T09:27:12","modified_gmt":"2022-12-22T11:27:12","slug":"saaemb-e-ponto-de-coleta-de-pilhas-e-baterias-em-desuso","status":"publish","type":"post","link":"https:\/\/saaemb.sp.gov.br\/index.php\/2022\/12\/22\/saaemb-e-ponto-de-coleta-de-pilhas-e-baterias-em-desuso\/","title":{"rendered":"SAAEMB \u00e9 ponto de coleta de pilhas e baterias em desuso"},"content":{"rendered":"<p>Voc\u00ea j\u00e1 se perguntou onde pode descartar o e-lixo em Buritama? Um dos pontos de entrega de pilhas e baterias \u00e9 o Servi\u00e7o Aut\u00f4nomo de \u00c1gua, Esgoto e Meio Ambiente (SAAEMB). O projeto foi criado pelo Departamento Econ\u00f4mico, Agricultura e Meio Ambiente da prefeitura de Buritama e j\u00e1 foram recolhidos 69 quilos de pe\u00e7as para reciclagem.<\/p>\n<p>O descarte incorreto de pilhas e baterias em desuso \u00e9 nocivo ao meio ambiente. O lixo eletr\u00f4nico, tamb\u00e9m conhecido como e-lixo, acaba indo para aterros sanit\u00e1rios comuns, podendo contaminar o solo, alimentos e o len\u00e7ol fre\u00e1tico, j\u00e1 que cont\u00e9m metais pesados em sua composi\u00e7\u00e3o como chumbo, c\u00e1dmio, entre outros que podem vir a causar ao ser humano c\u00e2nceres, anemia e problemas neurol\u00f3gicos.<\/p>\n<p>Segundo levantamento da Associa\u00e7\u00e3o Brasileira de Ind\u00fastria El\u00e9trica e Eletr\u00f4nica (Abinee), estima-se que no Brasil s\u00e3o consumidas aproximadamente 800 milh\u00f5es de pilhas e baterias a cada ano, no entanto, somente 5% desse montante, recebe o destino correto para ser reciclado. Acompanhe abaixo a lista com os pontos criados no munic\u00edpio.<\/p>\n<p>Os res\u00edduos depositados nos pontos de recebimento ser\u00e3o coletados pela empresa Green Eletron, com sede em S\u00e3o Paulo, para a log\u00edstica reversa. O e-lixo \u00e9 um dos desafios da gest\u00e3o de res\u00edduos, j\u00e1 que o n\u00famero de dispositivos com pilhas e baterias crescem todo ano.<\/p>\n<p>De acordo com o diretor do Desenvolvimento Econ\u00f4mico, Agricultura e Meio Ambiente, Giancarlo Sanches Mestriner, o descarte incorreto \u00e9 prejudicial ao meio ambiente e tamb\u00e9m representa um desperd\u00edcio. Ao serem reciclados, eles podem ser reutilizados como mat\u00e9ria-prima na ind\u00fastria.<\/p>\n<p>\u201cTemos como objetivo a parceria entre poder p\u00fablico, empresas privadas e moradores. A uni\u00e3o \u00e9 o melhor meio para preservar o planeta e uma das a\u00e7\u00f5es \u00e9 entregar pilhas e baterias que n\u00e3o s\u00e3o mais utilizados nos locais criados pelo munic\u00edpio. \u00c9 importante que todos se conscientizem, pois, toda a popula\u00e7\u00e3o \u00e9 beneficiada\u201d, comentou Giancarlo.<\/p>\n<p>Para a Qu\u00edmica do servi\u00e7o de \u00e1gua, Let\u00edcia Souza Possani, as pilhas e baterias possuem em sua composi\u00e7\u00e3o materiais como chumbo, zinco, mangan\u00eas e c\u00e1dmio. \u201cEsses materiais s\u00e3o t\u00f3xicos, podendo contaminar o meio ambiente, al\u00e9m de prejudicar a sa\u00fade dos seres humanos e animais\u201d, concluiu Let\u00edcia.<\/p>\n<p>Conforme o diretor da autarquia, Jos\u00e9 Eduardo Marins, a coleta \u00e9 uma oportunidade para descartar de forma correta objetos radioativos. \u201c\u00c9 importante conscientizarmos a popula\u00e7\u00e3o sobre bons h\u00e1bitos ambientais\u201d, explicou ao comentar que a popula\u00e7\u00e3o precisa aderir ao projeto e encaminhar aos pontos de coleta o material para reciclagem, concluiu o diretor.<\/p>\n<p><strong>Servi\u00e7o<\/strong><\/p>\n<p>O SAAEMB fica localizado na rua Capit\u00e3o Vicente Gon\u00e7alves, 434, Centro. O atendimento acontece das 8h \u00e0s 17h, de segunda a sexta-feira. Informa\u00e7\u00f5es sobre o projeto podem ser obtidas pelo telefone (18) 3691-1306.<\/p>\n<p><strong>Acompanhe abaixo outros locais de entrega<\/strong><\/p>\n<p><strong>Prefeitura Municipal de Buritama<\/strong><\/p>\n<p><strong>Endere\u00e7o:<\/strong> Av. Frei Marcelo Manilha n\u00ba 700.<\/p>\n<p><strong>Contato:<\/strong> (18) 3691-9200 &#8211; Atendimento de segunda a sexta-feira, das 7h \u00e0s 17h.<\/p>\n<p>&nbsp;<\/p>\n<p><strong>Departamento Municipal de Sa\u00fade <\/strong><\/p>\n<p><strong>Endere\u00e7o:<\/strong> Bar\u00e3o do Rio Branco n\u00ba 676.<\/p>\n<p><strong>Contato:<\/strong> (18) 3691-1366 &#8211; Atendimento de segunda a sexta-feira, das 7h \u00e0s 17h.<\/p>\n<p>&nbsp;<\/p>\n<p><strong>Centro Cultural Graciliano Ramos<\/strong><\/p>\n<p><strong>Endere\u00e7o:<\/strong> Pra\u00e7a Dom Lafaiete L\u00edbano n\u00ba 16.<\/p>\n<p><strong>Contato:<\/strong> (18) 3691-17040 &#8211; Atendimento de segunda a sexta-feira, das 7h \u00e0s 11h e das 13h \u00e0s 17h.<\/p>\n<p>&nbsp;<\/p>\n<p><strong>UBS 3 (Unidade B\u00e1sica de Sa\u00fade) Jaime Pinto Cunha<\/strong><\/p>\n<p><strong>Endere\u00e7o:<\/strong> Joaquim Pereira Rosa n\u00ba 907.<\/p>\n<p><strong>Contato:<\/strong> (18) 3691-1658 &#8211; Atendimento de segunda a sexta-feira, das 7h \u00e0s 17h.<\/p>\n<p>&nbsp;<\/p>\n<p><strong>UBS 2 (Unidade B\u00e1sica de Sa\u00fade) Nicola Lavechia<\/strong><\/p>\n<p><strong>Endere\u00e7o:<\/strong> Marechal Deodoro da Fonseca n\u00ba 887.<\/p>\n<p><strong>Contato:<\/strong> (18) 3691-2082 &#8211; Atendimento de segunda a sexta-feira, das 7h \u00e0s 17h.<\/p>\n<p>&nbsp;<\/p>\n<p><strong>Almoxarifado <\/strong><\/p>\n<p><strong>Endere\u00e7o:<\/strong> Maria Florinda, n\u00ba 1463.<\/p>\n<p><strong>Contato:<\/strong> (18) 3691-1444 &#8211; Atendimento de segunda a sexta-feira, das 7h \u00e0s 17h.<\/p>\n<p>&nbsp;<\/p>\n<p><strong>Fundo Social de Solidariedade<\/strong><\/p>\n<p><strong>Endere\u00e7o:<\/strong> Marechal Deodoro n\u00ba 755.<\/p>\n<p><strong>Contato:<\/strong> (18) 3691-1535 &#8211; Atendimento de segunda a sexta-feira, das 7h \u00e0s 17h.<\/p>\n<p>&nbsp;<\/p>\n<p><strong>Casa da Agricultura <\/strong><\/p>\n<p><strong>Endere\u00e7o:<\/strong> Floriano Peixoto n\u00ba 735.<\/p>\n<p><strong>Contato:<\/strong> (18) 3691-1248 &#8211; Atendimento de segunda a sexta-feira, das 7h \u00e0s 17h.<\/p>\n<p>&nbsp;<\/p>\n<p><strong>Lot\u00e9rica Vit\u00f3ria <\/strong><\/p>\n<p><strong>Endere\u00e7o:<\/strong> Rui Barbosa n\u00ba 138.<\/p>\n<p><strong>Contato:<\/strong> (18) 3691-3883 &#8211; Atendimento de segunda a sexta-feira, das 8h \u00e0s 17h e aos s\u00e1bados das 8h \u00e0s 12h.<\/p>\n<p><strong>Publicado:\u00a0<\/strong>22\/12\/2022 \u2013 \u00e0s 08h27<\/p>\n<p><img decoding=\"async\" class=\"alignnone  wp-image-1826 lazyload\" src=\"data:image\/gif;base64,R0lGODlhAQABAAAAACH5BAEKAAEALAAAAAABAAEAAAICTAEAOw==\" data-src=\"https:\/\/saaemb.sp.gov.br\/wp-content\/uploads\/2022\/11\/Objetivos-de-Desenvolvimento-Sustentavel-300x195.png\" alt=\"\" width=\"138\" height=\"90\" \/> <img decoding=\"async\" class=\"alignnone  wp-image-1811 lazyload\" src=\"data:image\/gif;base64,R0lGODlhAQABAAAAACH5BAEKAAEALAAAAAABAAEAAAICTAEAOw==\" data-src=\"https:\/\/saaemb.sp.gov.br\/wp-content\/uploads\/2022\/11\/3.-Saude-e-bem-estar-300x300.png\" alt=\"\" width=\"75\" height=\"75\" \/> <img decoding=\"async\" class=\"alignnone  wp-image-1813 lazyload\" src=\"data:image\/gif;base64,R0lGODlhAQABAAAAACH5BAEKAAEALAAAAAABAAEAAAICTAEAOw==\" data-src=\"https:\/\/saaemb.sp.gov.br\/wp-content\/uploads\/2022\/11\/6.-Agua-potavel-e-saneamento-300x300.png\" alt=\"\" width=\"76\" height=\"76\" \/> <img loading=\"lazy\" decoding=\"async\" class=\"alignnone  wp-image-1805 lazyload\" src=\"data:image\/gif;base64,R0lGODlhAQABAAAAACH5BAEKAAEALAAAAAABAAEAAAICTAEAOw==\" data-src=\"https:\/\/saaemb.sp.gov.br\/wp-content\/uploads\/2022\/11\/11.-Cidades-e-comunidades-sustenstaveis-300x300.png\" alt=\"\" width=\"76\" height=\"76\" \/> <img loading=\"lazy\" decoding=\"async\" class=\"alignnone  wp-image-1819 lazyload\" src=\"data:image\/gif;base64,R0lGODlhAQABAAAAACH5BAEKAAEALAAAAAABAAEAAAICTAEAOw==\" data-src=\"https:\/\/saaemb.sp.gov.br\/wp-content\/uploads\/2022\/11\/13.-Acao-contra-a-mudanca-global-do-clima-300x300.png\" alt=\"\" width=\"76\" height=\"76\" \/> <img loading=\"lazy\" decoding=\"async\" class=\"alignnone  wp-image-1806 lazyload\" src=\"data:image\/gif;base64,R0lGODlhAQABAAAAACH5BAEKAAEALAAAAAABAAEAAAICTAEAOw==\" data-src=\"https:\/\/saaemb.sp.gov.br\/wp-content\/uploads\/2022\/11\/15.-Vida-terrestre-300x300.png\" alt=\"\" width=\"77\" height=\"77\" \/><\/p>\n","protected":false},"excerpt":{"rendered":"<p>Voc\u00ea j\u00e1 se perguntou onde pode descartar o e-lixo em Buritama? Um dos pontos de entrega de pilhas e baterias \u00e9 o Servi\u00e7o Aut\u00f4nomo de \u00c1gua, Esgoto e Meio Ambiente (SAAEMB). O projeto foi criado pelo Departamento Econ\u00f4mico, Agricultura e Meio Ambiente da prefeitura de Buritama e j\u00e1 foram recolhidos 69 quilos de pe\u00e7as para [&hellip;]<\/p>\n","protected":false},"author":1,"featured_media":1900,"comment_status":"open","ping_status":"open","sticky":false,"template":"","format":"standard","meta":{"footnotes":""},"categories":[24],"tags":[],"class_list":["post-1899","post","type-post","status-publish","format-standard","has-post-thumbnail","hentry","category-municipio-verdeazul-2"],"_links":{"self":[{"href":"https:\/\/saaemb.sp.gov.br\/index.php\/wp-json\/wp\/v2\/posts\/1899","targetHints":{"allow":["GET"]}}],"collection":[{"href":"https:\/\/saaemb.sp.gov.br\/index.php\/wp-json\/wp\/v2\/posts"}],"about":[{"href":"https:\/\/saaemb.sp.gov.br\/index.php\/wp-json\/wp\/v2\/types\/post"}],"author":[{"embeddable":true,"href":"https:\/\/saaemb.sp.gov.br\/index.php\/wp-json\/wp\/v2\/users\/1"}],"replies":[{"embeddable":true,"href":"https:\/\/saaemb.sp.gov.br\/index.php\/wp-json\/wp\/v2\/comments?post=1899"}],"version-history":[{"count":0,"href":"https:\/\/saaemb.sp.gov.br\/index.php\/wp-json\/wp\/v2\/posts\/1899\/revisions"}],"wp:featuredmedia":[{"embeddable":true,"href":"https:\/\/saaemb.sp.gov.br\/index.php\/wp-json\/wp\/v2\/media\/1900"}],"wp:attachment":[{"href":"https:\/\/saaemb.sp.gov.br\/index.php\/wp-json\/wp\/v2\/media?parent=1899"}],"wp:term":[{"taxonomy":"category","embeddable":true,"href":"https:\/\/saaemb.sp.gov.br\/index.php\/wp-json\/wp\/v2\/categories?post=1899"},{"taxonomy":"post_tag","embeddable":true,"href":"https:\/\/saaemb.sp.gov.br\/index.php\/wp-json\/wp\/v2\/tags?post=1899"}],"curies":[{"name":"wp","href":"https:\/\/api.w.org\/{rel}","templated":true}]}}