{"id":1904,"date":"2022-12-27T16:57:04","date_gmt":"2022-12-27T18:57:04","guid":{"rendered":"https:\/\/saaemb.sp.gov.br\/?p=1904"},"modified":"2026-01-14T17:37:27","modified_gmt":"2026-01-14T17:37:27","slug":"saaemb-inaugura-centro-de-reciclagem","status":"publish","type":"post","link":"https:\/\/saaemb.sp.gov.br\/index.php\/2022\/12\/27\/saaemb-inaugura-centro-de-reciclagem\/","title":{"rendered":"SAAEMB inaugura Centro de Reciclagem"},"content":{"rendered":"<p>A luta para preservar o meio ambiente e a inser\u00e7\u00e3o da reciclagem no cotidiano dos moradores poder\u00e1 mudar o destino do lixo em Buritama. O centro de reciclagem \u00e9 uma iniciativa do Servi\u00e7o Aut\u00f4nomo de \u00c1gua, Esgoto e Meio Ambiente de Buritama (SAAEMB) em parceria com a prefeitura, que foi inaugurado na sexta-feira (23), com a presen\u00e7a do secret\u00e1rio executivo da Justi\u00e7a e Cidadania, Luiz Orsatti Filho.<\/p>\n<p>O local ir\u00e1 receber lixo domiciliar urbano, galhos de poda de \u00e1rvores e res\u00edduos da constru\u00e7\u00e3o civil. O objetivo \u00e9 promover a destina\u00e7\u00e3o adequada dos res\u00edduos coletados. S\u00e3o a\u00e7\u00f5es direitas que incluem coleta, triagem e processamento, com destino para a reciclagem. O espa\u00e7o deve gerar oportunidade de emprego e transformar o que antes era lixo em renda para fam\u00edlias da cidade.<\/p>\n<p>O material coletado seguir\u00e1 para o centro de reciclagem e deve receber aproximadamente 50 toneladas de res\u00edduos por m\u00eas. O pr\u00e9dio est\u00e1 localizado no quil\u00f4metro 52,5, na rodovia Deputado Roberto Rollemberg (SP.461) e conta com 1.084,49 metros quadrados entre galp\u00e3o coberto, escrit\u00f3rio, sanit\u00e1rios, vesti\u00e1rios e refeit\u00f3rio. O espa\u00e7o oferece ainda 2.215,97 metros quadrados de atividades ao ar livre, al\u00e9m de um conjunto semim\u00f3vel do Res\u00edduos da Constru\u00e7\u00e3o Civil (RCC) e \u00e1rea de manobras e de dep\u00f3sitos.<\/p>\n<p>Para o diretor do SAAEMB, Jos\u00e9 Eduardo Marins, a conscientiza\u00e7\u00e3o ambiental ser\u00e1 um fator determinante para preservar o planeta. \u201cAp\u00f3s longos anos de projeto, o centro de reciclagem torna-se real, o que deve beneficiar fam\u00edlias, o meio ambiente e o turismo\u201d, enfatizou ao citar que o local conta com a licen\u00e7a da Companhia Ambiental do Governo de S\u00e3o Paulo (CETESB).<\/p>\n<p>\u201cO objetivo \u00e9 trabalhar para atender a meta estabelecida pela Pol\u00edtica Nacional de Res\u00edduos S\u00f3lidos, a qual determina o destino do res\u00edduo de forma ambientalmente adequada. Um grande passo a ser dado \u00e9 implementar a cultura de separa\u00e7\u00e3o de lixo, com isso os moradores precisam ter o entendimento e a sensibiliza\u00e7\u00e3o com a preocupa\u00e7\u00e3o ambiental\u201d, concluiu o diretor.<\/p>\n<p>Segundo o prefeito Rodrigo Zacarias dos Santos, a reciclagem \u00e9 pe\u00e7a fundamental na preserva\u00e7\u00e3o e melhora do planeta. Para ele, o centro de reciclagem oferece in\u00fameros benef\u00edcios, entre eles, redu\u00e7\u00e3o da polui\u00e7\u00e3o, implementa\u00e7\u00e3o da coleta seletiva, gera\u00e7\u00e3o de novos empregos e o desenvolvimento de educa\u00e7\u00e3o ambiental no munic\u00edpio.<\/p>\n<p>\u201cEstamos comprometidos com a causa todos os dias. \u00c9 uma alegria muito grande essa inaugura\u00e7\u00e3o. Estamos em uma cidade tur\u00edstica e queremos que esse trabalho comece em nossa cidade. Vamos melhorar nosso munic\u00edpio, para que o meio ambiente seja resgatado. Com muito esfor\u00e7o, conseguimos construir essa usina. Tenho certeza e com apoio da popula\u00e7\u00e3o, em breve, a usina estar\u00e1 a todo vapor e, seremos um exemplo para toda a regi\u00e3o\u201d, finalizou o prefeito Rodrigo.<\/p>\n<p>O vice-prefeito, Luciano Cesar Batista, ressalta a import\u00e2ncia social e ambiental da obra. Ele frisou ainda que o centro de reciclagem ir\u00e1 garantir uma destina\u00e7\u00e3o adequada do lixo e ainda contribuir para a conserva\u00e7\u00e3o do meio ambiente. \u201c\u00c9 o in\u00edcio de uma obra que tenho certeza que ser\u00e1 um espelho para nossa regi\u00e3o\u201d, salientou.<\/p>\n<p>O presidente da C\u00e2mara de Buritama, Carlos Alberto dos Santos, comentou que a degrada\u00e7\u00e3o do meio ambiente pode ser revertida, se houver um trabalho de conscientiza\u00e7\u00e3o, os impactos negativos diminuir\u00e3o a cada ano. \u201cTemos que agradecer pela inaugura\u00e7\u00e3o dessa usina de reciclagem. Vamos buscar novas conquistas para o meio ambiente, para que possamos transformar Buritama em est\u00e2ncia tur\u00edstica que \u00e9 nosso objetivo e sabemos o quanto o meio ambiente faz parte desse objetivo\u201d, completou.<\/p>\n<p><strong>BARRAC\u00c3O<\/strong><\/p>\n<p>O centro de reciclagem foi constru\u00eddo ao lado do aterro sanit\u00e1rio, na rodovia Deputado Roberto Rollemberg, no quil\u00f4metro 52,5. O local conta com tr\u00eas linhas de trabalho: lixo, entulhos e galhos. Segundo dados da prefeitura de Buritama, s\u00e3o produzidas cerca de 50 toneladas de lixo dom\u00e9stico por m\u00eas. A quantidade de galhos e entulhos n\u00e3o est\u00e3o inclu\u00eddos nesse n\u00famero.<\/p>\n<p>Conforme o diretor do SAAEMB, Jos\u00e9 Eduardo Marins, o entulho poder\u00e1 ser reaproveitado na produ\u00e7\u00e3o de novos materiais de constru\u00e7\u00e3o ou utilizados como cascalhos em estradas rurais. Ele informou ainda que os galhos podem virar p\u00f3 e transformados em adubo org\u00e2nico.<\/p>\n<p>\u201cAgradecemos a todos pela oportunidade e confian\u00e7a em nosso trabalho. Agradecemos a Secretaria de Justi\u00e7a e Cidadania pelo conv\u00eanio que nos proporcionou uma obra que ser\u00e1 de suma import\u00e2ncia para Buritama em seu desenvolvimento, principalmente, em rela\u00e7\u00e3o ao meio ambiente. Tenho certeza que ser\u00e1 uma refer\u00eancia para nossa regi\u00e3o. \u00c9 uma obra muito importante. Buritama agradece e o meio ambiente agradece\u201d, disse Marins.<\/p>\n<p>Para o diretor do diretor do Desenvolvimento Econ\u00f4mico, Agricultura e Meio Ambiente, Giancarlo Sanches Mestriner, o centro de reciclagem tem como meta reciclar, reaproveitar e reutilizar o lixo urbano. \u201cNosso objetivo \u00e9 diminuir cada vez mais o impacto ambiental dos res\u00edduos descartados e garantir qualidade de vida aos moradores e ao meio ambiente\u201d, destaca o diretor.<\/p>\n<p><strong>FID<\/strong><\/p>\n<p>O Fundo Estadual de Defesa dos Interesses Difusos (FID) celebrou de 2010 at\u00e9 a presente data, o total de 230 conv\u00eanios com \u00f3rg\u00e3os do poder p\u00fablico e da sociedade civil, totalizando aproximadamente R$ 341,5 milh\u00f5es em investimentos, 187 cidades atendidas e cerca de 12 milh\u00f5es de pessoas beneficiadas.<\/p>\n<p>\u201c\u00c9 uma felicidade estar aqui hoje. Buritama est\u00e1 de parab\u00e9ns na gest\u00e3o de meio ambiente. \u00c9 o futuro de nossa sociedade em quest\u00e3o de meio ambiente. A prefeitura de Buritama est\u00e1 de parab\u00e9ns por ter apresentado esse projeto que foi bem executado\u201d, frisou o secret\u00e1rio executivo da Justi\u00e7a e Cidadania, Luiz Orsatti Filho.<\/p>\n<p><strong>Publicado:\u00a0<\/strong>27\/12\/2022 \u2013 \u00e0s 15h57<\/p>\n<p><img decoding=\"async\" class=\"alignnone  wp-image-1826 lazyload\" src=\"data:image\/gif;base64,R0lGODlhAQABAAAAACH5BAEKAAEALAAAAAABAAEAAAICTAEAOw==\" data-src=\"https:\/\/saaemb.sp.gov.br\/wp-content\/uploads\/2022\/11\/Objetivos-de-Desenvolvimento-Sustentavel-300x195.png\" alt=\"\" width=\"115\" height=\"75\" \/> <img decoding=\"async\" class=\"alignnone  wp-image-1811 lazyload\" src=\"data:image\/gif;base64,R0lGODlhAQABAAAAACH5BAEKAAEALAAAAAABAAEAAAICTAEAOw==\" data-src=\"https:\/\/saaemb.sp.gov.br\/wp-content\/uploads\/2022\/11\/3.-Saude-e-bem-estar-300x300.png\" alt=\"\" width=\"77\" height=\"77\" \/> <img decoding=\"async\" class=\"alignnone  wp-image-1815 lazyload\" src=\"data:image\/gif;base64,R0lGODlhAQABAAAAACH5BAEKAAEALAAAAAABAAEAAAICTAEAOw==\" data-src=\"https:\/\/saaemb.sp.gov.br\/wp-content\/uploads\/2022\/11\/8.-Trabalho-decente-e-crescimento-economico-300x300.png\" alt=\"\" width=\"76\" height=\"76\" \/> <img loading=\"lazy\" decoding=\"async\" class=\"alignnone  wp-image-1805 lazyload\" src=\"data:image\/gif;base64,R0lGODlhAQABAAAAACH5BAEKAAEALAAAAAABAAEAAAICTAEAOw==\" data-src=\"https:\/\/saaemb.sp.gov.br\/wp-content\/uploads\/2022\/11\/11.-Cidades-e-comunidades-sustenstaveis-300x300.png\" alt=\"\" width=\"76\" height=\"76\" \/> <img loading=\"lazy\" decoding=\"async\" class=\"alignnone  wp-image-1818 lazyload\" src=\"data:image\/gif;base64,R0lGODlhAQABAAAAACH5BAEKAAEALAAAAAABAAEAAAICTAEAOw==\" data-src=\"https:\/\/saaemb.sp.gov.br\/wp-content\/uploads\/2022\/11\/12.-Consumo-e-producao-responsaveis-300x300.png\" alt=\"\" width=\"76\" height=\"76\" \/> <img loading=\"lazy\" decoding=\"async\" class=\"alignnone  wp-image-1819 lazyload\" src=\"data:image\/gif;base64,R0lGODlhAQABAAAAACH5BAEKAAEALAAAAAABAAEAAAICTAEAOw==\" data-src=\"https:\/\/saaemb.sp.gov.br\/wp-content\/uploads\/2022\/11\/13.-Acao-contra-a-mudanca-global-do-clima-300x300.png\" alt=\"\" width=\"77\" height=\"77\" \/> <img loading=\"lazy\" decoding=\"async\" class=\"alignnone  wp-image-1806 lazyload\" src=\"data:image\/gif;base64,R0lGODlhAQABAAAAACH5BAEKAAEALAAAAAABAAEAAAICTAEAOw==\" data-src=\"https:\/\/saaemb.sp.gov.br\/wp-content\/uploads\/2022\/11\/15.-Vida-terrestre-300x300.png\" alt=\"\" width=\"79\" height=\"79\" \/><\/p>\n","protected":false},"excerpt":{"rendered":"<p>A luta para preservar o meio ambiente e a inser\u00e7\u00e3o da reciclagem no cotidiano dos moradores poder\u00e1 mudar o destino do lixo em Buritama. O centro de reciclagem \u00e9 uma iniciativa do Servi\u00e7o Aut\u00f4nomo de \u00c1gua, Esgoto e Meio Ambiente de Buritama (SAAEMB) em parceria com a prefeitura, que foi inaugurado na sexta-feira (23), com [&hellip;]<\/p>\n","protected":false},"author":1,"featured_media":1905,"comment_status":"closed","ping_status":"open","sticky":false,"template":"","format":"standard","meta":{"footnotes":""},"categories":[20],"tags":[],"class_list":["post-1904","post","type-post","status-publish","format-standard","has-post-thumbnail","hentry","category-noticias"],"_links":{"self":[{"href":"https:\/\/saaemb.sp.gov.br\/index.php\/wp-json\/wp\/v2\/posts\/1904","targetHints":{"allow":["GET"]}}],"collection":[{"href":"https:\/\/saaemb.sp.gov.br\/index.php\/wp-json\/wp\/v2\/posts"}],"about":[{"href":"https:\/\/saaemb.sp.gov.br\/index.php\/wp-json\/wp\/v2\/types\/post"}],"author":[{"embeddable":true,"href":"https:\/\/saaemb.sp.gov.br\/index.php\/wp-json\/wp\/v2\/users\/1"}],"replies":[{"embeddable":true,"href":"https:\/\/saaemb.sp.gov.br\/index.php\/wp-json\/wp\/v2\/comments?post=1904"}],"version-history":[{"count":1,"href":"https:\/\/saaemb.sp.gov.br\/index.php\/wp-json\/wp\/v2\/posts\/1904\/revisions"}],"predecessor-version":[{"id":2123,"href":"https:\/\/saaemb.sp.gov.br\/index.php\/wp-json\/wp\/v2\/posts\/1904\/revisions\/2123"}],"wp:featuredmedia":[{"embeddable":true,"href":"https:\/\/saaemb.sp.gov.br\/index.php\/wp-json\/wp\/v2\/media\/1905"}],"wp:attachment":[{"href":"https:\/\/saaemb.sp.gov.br\/index.php\/wp-json\/wp\/v2\/media?parent=1904"}],"wp:term":[{"taxonomy":"category","embeddable":true,"href":"https:\/\/saaemb.sp.gov.br\/index.php\/wp-json\/wp\/v2\/categories?post=1904"},{"taxonomy":"post_tag","embeddable":true,"href":"https:\/\/saaemb.sp.gov.br\/index.php\/wp-json\/wp\/v2\/tags?post=1904"}],"curies":[{"name":"wp","href":"https:\/\/api.w.org\/{rel}","templated":true}]}}