{"id":1910,"date":"2022-12-30T12:28:28","date_gmt":"2022-12-30T14:28:28","guid":{"rendered":"https:\/\/saaemb.sp.gov.br\/?p=1910"},"modified":"2026-01-14T17:37:27","modified_gmt":"2026-01-14T17:37:27","slug":"biodiversidade-saaemb-busca-refletir-sobre-nossa-contribuicao-com-o-meio-ambiente","status":"publish","type":"post","link":"https:\/\/saaemb.sp.gov.br\/index.php\/2022\/12\/30\/biodiversidade-saaemb-busca-refletir-sobre-nossa-contribuicao-com-o-meio-ambiente\/","title":{"rendered":"Biodiversidade: SAAEMB busca refletir sobre nossa contribui\u00e7\u00e3o com o meio ambiente"},"content":{"rendered":"<p>J\u00e1 parou para refletir sua rela\u00e7\u00e3o com o meio ambiente? Antes mesmo de levantar da cama, talvez o primeiro som a ouvir \u00e9 de algum passarinho a cantar l\u00e1 fora. Ao se vestir, possivelmente tenha retirado do guarda-roupas alguma camisa de algod\u00e3o, deve ter caminhado, pregui\u00e7osamente, ao banheiro e escovado o dente com \u00e1gua limpa e utilizado uma pasta com extrato de plantas, como, por exemplo, a menta.<\/p>\n<p>Em sua rotina, acredita-se que o pr\u00f3ximo passo foi tomar um banho, novamente com \u00e1gua limpa e utilizado sabonete e shampoo feito de alguma planta, quem sabe seja de babosa ou camomila. No caf\u00e9 da manh\u00e3, as op\u00e7\u00f5es poderiam ser um saboroso p\u00e3o feito com fermenta\u00e7\u00e3o natural, iogurte, mel, entre outras op\u00e7\u00f5es que sejam retirados na natureza que voc\u00ea nunca parou para refletir.<\/p>\n<p>Se continuar, posso adivinhar novas a\u00e7\u00f5es sobre seu dia, at\u00e9 a hora que chegar em casa para tomar banho, jantar e descansar de um dia de trabalho. Possivelmente haver\u00e1 novos acertos, alguns erros. Independentemente de suas escolhas, na maior parte do tempo, a biodiversidade estar\u00e1 presente em suas a\u00e7\u00f5es. Ao refletir, precisamos levar em quest\u00e3o, o que temos feito para cuidar do planeta?<\/p>\n<p>A palavra \u201cbiodiversidade\u201d, segundo a organiza\u00e7\u00e3o n\u00e3o-governamental WWF-Brasil, para compreender, \u00e9 preciso considerar o termo em dois n\u00edveis diferentes: \u201ctodas as formas de vida, assim como os genes contidos em cada indiv\u00edduo, e as inter-rela\u00e7\u00f5es, ou ecossistemas, na qual a exist\u00eancia de uma esp\u00e9cie afeta diretamente muitas outras\u201d. A diversidade est\u00e1 em todos os ambientes, desde que o homem n\u00e3o a destrua.<\/p>\n<p>Pode at\u00e9 parecer distante de sua realidade e o assunto, at\u00e9 seja complexo, n\u00e3o \u00e9? Para n\u00e3o restar d\u00favidas, a biodiversidade \u00e9 tudo aquilo que tenha vida e o que \u00e9 produzido por ela. A \u201cvariedade da vida\u201d, \u00e9 parte importante do termo, mas que n\u00e3o refere somente a diferentes esp\u00e9cies de animais, plantas, fungos, bact\u00e9rias e outras formas de vida, vai al\u00e9m, a outras escalas da exist\u00eancia da vida.<\/p>\n<p>Comece a reparar seu cotidiano, desde o in\u00edcio do seu dia, quando pousa em sua janela um passarinho que canta doces melodias, \u00e9 a biodiversidade se apresentando gratuitamente. Os cosm\u00e9ticos, medicamentos, a comida, as roupas, e tantas outras aquisi\u00e7\u00f5es, tudo isso, e muito mais, est\u00e1 literalmente ligado a biodiversidade, ent\u00e3o, n\u00e3o s\u00e3o apenas descart\u00e1veis, s\u00e3o cria\u00e7\u00f5es feitas com algo fornecido pelo meio ambiente.<\/p>\n<p>O Brasil \u00e9 o pa\u00eds da biodiversidade, estima-se que entre 15% a 20% de todas as esp\u00e9cies do planeta sejam encontradas por aqui. N\u00e3o por acaso, a Organiza\u00e7\u00e3o das Na\u00e7\u00f5es Unidas instituiu uma data para refletir sobre os cuidados e os riscos da polui\u00e7\u00e3o, queimadas e desmatamentos para o planeta. Se at\u00e9 hoje voc\u00ea ainda n\u00e3o fez nada para preservar, est\u00e1 na hora de come\u00e7ar, o meio ambiente pede socorro.<\/p>\n<p><strong>Publicado<\/strong>: 30\/12\/2022 &#8211; \u00e0s 11h28<\/p>\n<p><img decoding=\"async\" class=\"alignnone wp-image-1826 lazyload\" src=\"data:image\/gif;base64,R0lGODlhAQABAAAAACH5BAEKAAEALAAAAAABAAEAAAICTAEAOw==\" data-src=\"https:\/\/saaemb.sp.gov.br\/wp-content\/uploads\/2022\/11\/Objetivos-de-Desenvolvimento-Sustentavel-300x195.png\" alt=\"\" width=\"152\" height=\"99\" \/> <img decoding=\"async\" class=\"alignnone wp-image-1811 lazyload\" src=\"data:image\/gif;base64,R0lGODlhAQABAAAAACH5BAEKAAEALAAAAAABAAEAAAICTAEAOw==\" data-src=\"https:\/\/saaemb.sp.gov.br\/wp-content\/uploads\/2022\/11\/3.-Saude-e-bem-estar-300x300.png\" alt=\"\" width=\"97\" height=\"97\" \/> <img decoding=\"async\" class=\"alignnone wp-image-1813 lazyload\" src=\"data:image\/gif;base64,R0lGODlhAQABAAAAACH5BAEKAAEALAAAAAABAAEAAAICTAEAOw==\" data-src=\"https:\/\/saaemb.sp.gov.br\/wp-content\/uploads\/2022\/11\/6.-Agua-potavel-e-saneamento-300x300.png\" alt=\"\" width=\"98\" height=\"98\" \/> <img loading=\"lazy\" decoding=\"async\" class=\"alignnone wp-image-1805 lazyload\" src=\"data:image\/gif;base64,R0lGODlhAQABAAAAACH5BAEKAAEALAAAAAABAAEAAAICTAEAOw==\" data-src=\"https:\/\/saaemb.sp.gov.br\/wp-content\/uploads\/2022\/11\/11.-Cidades-e-comunidades-sustenstaveis-300x300.png\" alt=\"\" width=\"99\" height=\"99\" \/> <img loading=\"lazy\" decoding=\"async\" class=\"alignnone wp-image-1819 lazyload\" src=\"data:image\/gif;base64,R0lGODlhAQABAAAAACH5BAEKAAEALAAAAAABAAEAAAICTAEAOw==\" data-src=\"https:\/\/saaemb.sp.gov.br\/wp-content\/uploads\/2022\/11\/13.-Acao-contra-a-mudanca-global-do-clima-300x300.png\" alt=\"\" width=\"100\" height=\"100\" \/> <img loading=\"lazy\" decoding=\"async\" class=\"alignnone wp-image-1806 lazyload\" src=\"data:image\/gif;base64,R0lGODlhAQABAAAAACH5BAEKAAEALAAAAAABAAEAAAICTAEAOw==\" data-src=\"https:\/\/saaemb.sp.gov.br\/wp-content\/uploads\/2022\/11\/15.-Vida-terrestre-300x300.png\" alt=\"\" width=\"100\" height=\"100\" \/><\/p>\n<p>&nbsp;<\/p>\n","protected":false},"excerpt":{"rendered":"<p>J\u00e1 parou para refletir sua rela\u00e7\u00e3o com o meio ambiente? Antes mesmo de levantar da cama, talvez o primeiro som a ouvir \u00e9 de algum passarinho a cantar l\u00e1 fora. Ao se vestir, possivelmente tenha retirado do guarda-roupas alguma camisa de algod\u00e3o, deve ter caminhado, pregui\u00e7osamente, ao banheiro e escovado o dente com \u00e1gua limpa [&hellip;]<\/p>\n","protected":false},"author":1,"featured_media":1911,"comment_status":"closed","ping_status":"open","sticky":false,"template":"","format":"standard","meta":{"footnotes":""},"categories":[16],"tags":[],"class_list":["post-1910","post","type-post","status-publish","format-standard","has-post-thumbnail","hentry","category-destaque"],"_links":{"self":[{"href":"https:\/\/saaemb.sp.gov.br\/index.php\/wp-json\/wp\/v2\/posts\/1910","targetHints":{"allow":["GET"]}}],"collection":[{"href":"https:\/\/saaemb.sp.gov.br\/index.php\/wp-json\/wp\/v2\/posts"}],"about":[{"href":"https:\/\/saaemb.sp.gov.br\/index.php\/wp-json\/wp\/v2\/types\/post"}],"author":[{"embeddable":true,"href":"https:\/\/saaemb.sp.gov.br\/index.php\/wp-json\/wp\/v2\/users\/1"}],"replies":[{"embeddable":true,"href":"https:\/\/saaemb.sp.gov.br\/index.php\/wp-json\/wp\/v2\/comments?post=1910"}],"version-history":[{"count":1,"href":"https:\/\/saaemb.sp.gov.br\/index.php\/wp-json\/wp\/v2\/posts\/1910\/revisions"}],"predecessor-version":[{"id":2122,"href":"https:\/\/saaemb.sp.gov.br\/index.php\/wp-json\/wp\/v2\/posts\/1910\/revisions\/2122"}],"wp:featuredmedia":[{"embeddable":true,"href":"https:\/\/saaemb.sp.gov.br\/index.php\/wp-json\/wp\/v2\/media\/1911"}],"wp:attachment":[{"href":"https:\/\/saaemb.sp.gov.br\/index.php\/wp-json\/wp\/v2\/media?parent=1910"}],"wp:term":[{"taxonomy":"category","embeddable":true,"href":"https:\/\/saaemb.sp.gov.br\/index.php\/wp-json\/wp\/v2\/categories?post=1910"},{"taxonomy":"post_tag","embeddable":true,"href":"https:\/\/saaemb.sp.gov.br\/index.php\/wp-json\/wp\/v2\/tags?post=1910"}],"curies":[{"name":"wp","href":"https:\/\/api.w.org\/{rel}","templated":true}]}}