{"id":1924,"date":"2023-01-12T08:26:09","date_gmt":"2023-01-12T10:26:09","guid":{"rendered":"https:\/\/saaemb.sp.gov.br\/?p=1924"},"modified":"2026-01-14T17:37:27","modified_gmt":"2026-01-14T17:37:27","slug":"saaemb-janeiro-branco-e-uma-oportunidade-para-debater-sobre-saude-mental","status":"publish","type":"post","link":"https:\/\/saaemb.sp.gov.br\/index.php\/2023\/01\/12\/saaemb-janeiro-branco-e-uma-oportunidade-para-debater-sobre-saude-mental\/","title":{"rendered":"SAAEMB: Janeiro branco \u00e9 uma oportunidade para debater sobre sa\u00fade mental"},"content":{"rendered":"<p>Durante o ano pelo pa\u00eds, os munic\u00edpios realizam campanhas para debater temas de preven\u00e7\u00e3o de doen\u00e7as. A cada m\u00eas um novo assunto \u00e9 apresentado, no intuito de oferecer informa\u00e7\u00e3o a respeito dos riscos, sintomas e os cuidados com a sa\u00fade. Em janeiro, a cor branca \u00e9 destaque e apresenta a campanha sobre sa\u00fade mental.<\/p>\n<p>Pensar no tema \u201cQuem cuida da mente, cuida da vida\u201d \u00e9 uma oportunidade para combater doen\u00e7as como depress\u00e3o, ansiedade e suic\u00eddio. Em Buritama, os moradores podem obter atendimento m\u00e9dico nas UBSs (Unidades B\u00e1sicas de Sa\u00fade) Nicola Lavechia e Jaime Pinto Cunha, al\u00e9m do CAPS (Centro de Aten\u00e7\u00e3o Psicossocial).<\/p>\n<p>Para o diretor de Sa\u00fade, Edilson Carlos de Paiva, o munic\u00edpio est\u00e1 apto a atender pacientes que buscam tratamento ou um diagn\u00f3stico precoce sobre as doen\u00e7as mencionadas pela campanha. Para ele, o debate ajuda a fortalecer a sociedade na busca por quebrar o preconceito e o medo sobre problemas emocionais e mentais.<\/p>\n<p>\u201c\u00c9 importante tratar os temas com respeito e dignidade e oferecer meios dignos para que o morador possa ser atendimento e ter sua sa\u00fade restabelecida. A preven\u00e7\u00e3o \u00e9 fundamental para o adoecimento emocional, a campanha \u00e9 importante nesse sentido, por isso refor\u00e7amos que o munic\u00edpio oferece ajuda aos moradores\u201d, disse Edilson.<\/p>\n<p>Segundo o diretor do SAAEMB, Jos\u00e9 Eduardo Marins, durante todo o ano, os moradores precisam cuidar da sa\u00fade, inclusive da sa\u00fade mental. Para ele, as campanhas s\u00e3o de interesse social que contribui positivamente no munic\u00edpio, al\u00e9m de debater o tema, \u00e9 fundamental levar informa\u00e7\u00e3o aos moradores.<\/p>\n<p>\u201cOs temas discutidos s\u00e3o essenciais, sobre os quais ainda existem tabus para falar abertamente. Por isso \u00e9 preciso discutir temas e fazer a\u00e7\u00f5es educativas \u00e0 popula\u00e7\u00e3o para a promo\u00e7\u00e3o da sa\u00fade\u201d, comentou o diretor ao dizer que por meio do trabalho preventivo \u00e9 poss\u00edvel contribui para a promo\u00e7\u00e3o de sa\u00fade mental e emocional das pessoas.<\/p>\n<p>O \u2018Janeiro Branco\u2019 \u00e9 uma campanha dedicada a promover a psicoeduca\u00e7\u00e3o das pessoas e das institui\u00e7\u00f5es por meio de debates, reflex\u00f5es, palestras, rodas de conversa, oficinas e caminhadas, que tenham como tema central a sa\u00fade mental.<\/p>\n<p><strong>Atendimento<\/strong><\/p>\n<p><strong>*Local:<\/strong> UBS Jaime Pinto Cunha<\/p>\n<p><strong>Endere\u00e7o:<\/strong> Joaquim Pereira Rosa, 907, Centro.<\/p>\n<p><strong>Atendimento:<\/strong> 7h \u00e0s 17h, de segunda a sexta-feira &#8211; <strong>Informa\u00e7\u00f5es:<\/strong> (18) 3691-1658.<\/p>\n<p><strong>*Local:<\/strong> UBS Nicola Lavechia<\/p>\n<p><strong>Endere\u00e7o:<\/strong> Marechal Deodoro, 877, Livramento.<\/p>\n<p><strong>Atendimento:<\/strong> 7h \u00e0s 17h, de segunda a sexta-feira &#8211; <strong>Informa\u00e7\u00f5es:<\/strong> (18) 3691-2082.<\/p>\n<p><strong>*Local:<\/strong> CAPS (Centro de Aten\u00e7\u00e3o Psicossocial)<\/p>\n<p><strong>Endere\u00e7o:<\/strong> Arino Della Colleta, 235, Cidade Nova.<\/p>\n<p><strong>Atendimento:<\/strong> 7h \u00e0s 17h, de segunda a sexta-feira &#8211; <strong>Informa\u00e7\u00f5es:<\/strong> (18) 3691-2668.<\/p>\n<p><strong>Publicado:\u00a0<\/strong>12\/01\/2023 \u2013 \u00e0s 07h26<\/p>\n<p><strong>Imagem:<\/strong> Divulga\u00e7\u00e3o<\/p>\n<p><img decoding=\"async\" class=\"alignnone wp-image-1826 lazyload\" src=\"data:image\/gif;base64,R0lGODlhAQABAAAAACH5BAEKAAEALAAAAAABAAEAAAICTAEAOw==\" data-src=\"https:\/\/saaemb.sp.gov.br\/wp-content\/uploads\/2022\/11\/Objetivos-de-Desenvolvimento-Sustentavel-300x195.png\" alt=\"\" width=\"162\" height=\"105\" \/> <img decoding=\"async\" class=\"alignnone wp-image-1811 lazyload\" src=\"data:image\/gif;base64,R0lGODlhAQABAAAAACH5BAEKAAEALAAAAAABAAEAAAICTAEAOw==\" data-src=\"https:\/\/saaemb.sp.gov.br\/wp-content\/uploads\/2022\/11\/3.-Saude-e-bem-estar-300x300.png\" alt=\"\" width=\"98\" height=\"98\" \/> <img decoding=\"async\" class=\"alignnone wp-image-1817 lazyload\" src=\"data:image\/gif;base64,R0lGODlhAQABAAAAACH5BAEKAAEALAAAAAABAAEAAAICTAEAOw==\" data-src=\"https:\/\/saaemb.sp.gov.br\/wp-content\/uploads\/2022\/11\/10.-Reducao-das-desigualdades-300x300.png\" alt=\"\" width=\"98\" height=\"98\" \/> <img loading=\"lazy\" decoding=\"async\" class=\"alignnone wp-image-1805 lazyload\" src=\"data:image\/gif;base64,R0lGODlhAQABAAAAACH5BAEKAAEALAAAAAABAAEAAAICTAEAOw==\" data-src=\"https:\/\/saaemb.sp.gov.br\/wp-content\/uploads\/2022\/11\/11.-Cidades-e-comunidades-sustenstaveis-300x300.png\" alt=\"\" width=\"98\" height=\"98\" \/> <img loading=\"lazy\" decoding=\"async\" class=\"alignnone wp-image-1821 lazyload\" src=\"data:image\/gif;base64,R0lGODlhAQABAAAAACH5BAEKAAEALAAAAAABAAEAAAICTAEAOw==\" data-src=\"https:\/\/saaemb.sp.gov.br\/wp-content\/uploads\/2022\/11\/16.-Paz-Justica-e-Instituicoes-eficazes-300x300.png\" alt=\"\" width=\"98\" height=\"98\" \/><\/p>\n","protected":false},"excerpt":{"rendered":"<p>Durante o ano pelo pa\u00eds, os munic\u00edpios realizam campanhas para debater temas de preven\u00e7\u00e3o de doen\u00e7as. A cada m\u00eas um novo assunto \u00e9 apresentado, no intuito de oferecer informa\u00e7\u00e3o a respeito dos riscos, sintomas e os cuidados com a sa\u00fade. Em janeiro, a cor branca \u00e9 destaque e apresenta a campanha sobre sa\u00fade mental. Pensar [&hellip;]<\/p>\n","protected":false},"author":1,"featured_media":1925,"comment_status":"closed","ping_status":"open","sticky":false,"template":"","format":"standard","meta":{"footnotes":""},"categories":[20],"tags":[],"class_list":["post-1924","post","type-post","status-publish","format-standard","has-post-thumbnail","hentry","category-noticias"],"_links":{"self":[{"href":"https:\/\/saaemb.sp.gov.br\/index.php\/wp-json\/wp\/v2\/posts\/1924","targetHints":{"allow":["GET"]}}],"collection":[{"href":"https:\/\/saaemb.sp.gov.br\/index.php\/wp-json\/wp\/v2\/posts"}],"about":[{"href":"https:\/\/saaemb.sp.gov.br\/index.php\/wp-json\/wp\/v2\/types\/post"}],"author":[{"embeddable":true,"href":"https:\/\/saaemb.sp.gov.br\/index.php\/wp-json\/wp\/v2\/users\/1"}],"replies":[{"embeddable":true,"href":"https:\/\/saaemb.sp.gov.br\/index.php\/wp-json\/wp\/v2\/comments?post=1924"}],"version-history":[{"count":1,"href":"https:\/\/saaemb.sp.gov.br\/index.php\/wp-json\/wp\/v2\/posts\/1924\/revisions"}],"predecessor-version":[{"id":2119,"href":"https:\/\/saaemb.sp.gov.br\/index.php\/wp-json\/wp\/v2\/posts\/1924\/revisions\/2119"}],"wp:featuredmedia":[{"embeddable":true,"href":"https:\/\/saaemb.sp.gov.br\/index.php\/wp-json\/wp\/v2\/media\/1925"}],"wp:attachment":[{"href":"https:\/\/saaemb.sp.gov.br\/index.php\/wp-json\/wp\/v2\/media?parent=1924"}],"wp:term":[{"taxonomy":"category","embeddable":true,"href":"https:\/\/saaemb.sp.gov.br\/index.php\/wp-json\/wp\/v2\/categories?post=1924"},{"taxonomy":"post_tag","embeddable":true,"href":"https:\/\/saaemb.sp.gov.br\/index.php\/wp-json\/wp\/v2\/tags?post=1924"}],"curies":[{"name":"wp","href":"https:\/\/api.w.org\/{rel}","templated":true}]}}