{"id":1930,"date":"2023-01-18T09:04:04","date_gmt":"2023-01-18T11:04:04","guid":{"rendered":"https:\/\/saaemb.sp.gov.br\/?p=1930"},"modified":"2026-01-14T17:37:27","modified_gmt":"2026-01-14T17:37:27","slug":"saaemb-discute-janeiro-roxo-e-faz-alerta-sobre-a-deteccao-precoce-da-hanseniase","status":"publish","type":"post","link":"https:\/\/saaemb.sp.gov.br\/index.php\/2023\/01\/18\/saaemb-discute-janeiro-roxo-e-faz-alerta-sobre-a-deteccao-precoce-da-hanseniase\/","title":{"rendered":"SAAEMB discute \u2018Janeiro Roxo\u2019 e faz alerta sobre a detec\u00e7\u00e3o precoce da hansen\u00edase"},"content":{"rendered":"<p>Podemos dizer que a hansen\u00edase \u00e9 uma das doen\u00e7as mais antigas do mundo. Ela ainda \u00e9 vista com preconceito e discrimina\u00e7\u00e3o, fatores que atrapalham na busca por um diagn\u00f3stico precoce. Isso impede que os moradores procurem a unidade de sa\u00fade por medo ou vergonha da doen\u00e7a.<\/p>\n<p>Em 2016, o Minist\u00e9rio da Sa\u00fade oficializou o m\u00eas de janeiro para conscientizar sobre a hansen\u00edase e definiu a cor roxa para marcar as campanhas educativas sobre a doen\u00e7a. Nesse per\u00edodo, s\u00e3o intensificados a busca-ativa e a sensibiliza\u00e7\u00e3o entre os moradores, no intuito de oferecer tratamento.<\/p>\n<p>Segundo o diretor de Sa\u00fade, Edilson Carlos de Paiva, o munic\u00edpio oferece atendimento m\u00e9dico \u00e0 popula\u00e7\u00e3o nas UBSs (Unidades B\u00e1sicas de Sa\u00fade) Nicola Lavechia e Jaime Pinto Cunha. Para ele, o tratamento \u00e9 fundamental para evitar a transmiss\u00e3o da doen\u00e7a.<\/p>\n<p>\u201cToda a medica\u00e7\u00e3o \u00e9 fornecida gratuitamente pelo SUS. O tratamento varia de 6 meses a um ano e n\u00e3o pode ser interrompido antes do prazo estimulado pelo m\u00e9dico. O diagn\u00f3stico precoce, o tratamento e a investiga\u00e7\u00e3o de contatos s\u00e3o meios utilizados como as principais formas de preven\u00e7\u00e3o\u201d, comentou Edilson.<\/p>\n<p>O diretor explicou ainda que a doen\u00e7a tem como caracter\u00edsticas: manchas na pele, que podem ter colora\u00e7\u00e3o branca ou avermelhada, al\u00e9m de formigamento e perda de sensibilidade \u00e0 dor e ao calor. \u201cPara combater a doen\u00e7a, o primeiro passo \u00e9 superar o medo e buscar aconselhamento m\u00e9dico e iniciar o tratamento\u201d, concluiu.<\/p>\n<p>De acordo com o diretor do SAAEMB, Jos\u00e9 Eduardo Marins, \u00e9 importante os \u00f3rg\u00e3os e empresas debaterem o tema. Ele comentou ainda que o servi\u00e7o de \u00e1gua busca divulgar a\u00e7\u00f5es voltadas a sa\u00fade, como forma de conscientizar e levar informa\u00e7\u00e3o e conhecimento aos moradores da cidade e regi\u00e3o.<\/p>\n<p>\u201c\u00c9 importante intensificar os trabalhos de conscientiza\u00e7\u00e3o, diagn\u00f3stico e o combate \u00e0 hansen\u00edase durante o m\u00eas de janeiro, contudo, a busca por informa\u00e7\u00e3o e por tratamento deve acontecer o ano todo\u201d, salientou Marins ao concluir que a autarquia tamb\u00e9m busca ir al\u00e9m dos servi\u00e7os prestados \u00e0 popula\u00e7\u00e3o, al\u00e9m de oferecer \u00e1gua de qualidade, tamb\u00e9m auxilia na divulga\u00e7\u00e3o de a\u00e7\u00f5es de sa\u00fade e cidadania.<\/p>\n<p><strong>Sinais e sintomas<\/strong><\/p>\n<ul>\n<li>Manchas (esbranqui\u00e7adas, amarronzadas e avermelhadas) na pele com mudan\u00e7as na sensibilidade dolorosa, t\u00e9rmica e t\u00e1til;<\/li>\n<li>Sensa\u00e7\u00e3o de fisgada, choque, dorm\u00eancia e formigamento ao longo dos nervos dos membros;<\/li>\n<li>Perda de pelos em algumas \u00e1reas e redu\u00e7\u00e3o da transpira\u00e7\u00e3o;<\/li>\n<li>Incha\u00e7o e dor nas m\u00e3os, p\u00e9s e articula\u00e7\u00f5es;<\/li>\n<li>Dor e espessamento nos nervos perif\u00e9ricos;<\/li>\n<li>Redu\u00e7\u00e3o da for\u00e7a muscular, sobretudo nas m\u00e3os e p\u00e9s;<\/li>\n<li>Caro\u00e7os no corpo;<\/li>\n<li>Pele seca;<\/li>\n<li>Olhos ressecados;<\/li>\n<li>Feridas, sangramento e ressecamento no nariz;<\/li>\n<li>Febre e mal-estar geral.<\/li>\n<\/ul>\n<p><strong>Fonte:<\/strong> Sociedade Brasileira de Dermatologia<\/p>\n<p><strong>Arte: <\/strong>Sociedade Brasileira de Dermatologia<\/p>\n<p><strong>Atendimento<\/strong><\/p>\n<p><strong>*Local:<\/strong> UBS Jaime Pinto Cunha<\/p>\n<p><strong>Endere\u00e7o:<\/strong> Joaquim Pereira Rosa, 907, Centro.<\/p>\n<p><strong>Atendimento:<\/strong> 7h \u00e0s 17h, de segunda a sexta-feira &#8211; <strong>Informa\u00e7\u00f5es:<\/strong> (18) 3691-1658.<\/p>\n<p><strong>*Local:<\/strong> UBS Nicola Lavechia<\/p>\n<p><strong>Endere\u00e7o:<\/strong> Marechal Deodoro, 877, Livramento.<\/p>\n<p><strong>Atendimento:<\/strong> 7h \u00e0s 17h, de segunda a sexta-feira &#8211; <strong>Informa\u00e7\u00f5es:<\/strong> (18) 3691-2082.<\/p>\n<p><strong>Publica\u00e7\u00e3o:<\/strong> 18\/01\/2023 &#8211; \u00e0s 08h04<\/p>\n<p><img decoding=\"async\" class=\"alignnone wp-image-1826 lazyload\" src=\"data:image\/gif;base64,R0lGODlhAQABAAAAACH5BAEKAAEALAAAAAABAAEAAAICTAEAOw==\" data-src=\"https:\/\/saaemb.sp.gov.br\/wp-content\/uploads\/2022\/11\/Objetivos-de-Desenvolvimento-Sustentavel-300x195.png\" alt=\"\" width=\"180\" height=\"117\" \/> <img decoding=\"async\" class=\"alignnone wp-image-1811 lazyload\" src=\"data:image\/gif;base64,R0lGODlhAQABAAAAACH5BAEKAAEALAAAAAABAAEAAAICTAEAOw==\" data-src=\"https:\/\/saaemb.sp.gov.br\/wp-content\/uploads\/2022\/11\/3.-Saude-e-bem-estar-300x300.png\" alt=\"\" width=\"112\" height=\"112\" \/> <img decoding=\"async\" class=\"alignnone wp-image-1817 lazyload\" src=\"data:image\/gif;base64,R0lGODlhAQABAAAAACH5BAEKAAEALAAAAAABAAEAAAICTAEAOw==\" data-src=\"https:\/\/saaemb.sp.gov.br\/wp-content\/uploads\/2022\/11\/10.-Reducao-das-desigualdades-300x300.png\" alt=\"\" width=\"113\" height=\"113\" \/> <img loading=\"lazy\" decoding=\"async\" class=\"alignnone wp-image-1805 lazyload\" src=\"data:image\/gif;base64,R0lGODlhAQABAAAAACH5BAEKAAEALAAAAAABAAEAAAICTAEAOw==\" data-src=\"https:\/\/saaemb.sp.gov.br\/wp-content\/uploads\/2022\/11\/11.-Cidades-e-comunidades-sustenstaveis-300x300.png\" alt=\"\" width=\"112\" height=\"112\" \/> <img loading=\"lazy\" decoding=\"async\" class=\"alignnone wp-image-1821 lazyload\" src=\"data:image\/gif;base64,R0lGODlhAQABAAAAACH5BAEKAAEALAAAAAABAAEAAAICTAEAOw==\" data-src=\"https:\/\/saaemb.sp.gov.br\/wp-content\/uploads\/2022\/11\/16.-Paz-Justica-e-Instituicoes-eficazes-300x300.png\" alt=\"\" width=\"111\" height=\"111\" \/><\/p>\n","protected":false},"excerpt":{"rendered":"<p>Podemos dizer que a hansen\u00edase \u00e9 uma das doen\u00e7as mais antigas do mundo. Ela ainda \u00e9 vista com preconceito e discrimina\u00e7\u00e3o, fatores que atrapalham na busca por um diagn\u00f3stico precoce. Isso impede que os moradores procurem a unidade de sa\u00fade por medo ou vergonha da doen\u00e7a. Em 2016, o Minist\u00e9rio da Sa\u00fade oficializou o m\u00eas [&hellip;]<\/p>\n","protected":false},"author":1,"featured_media":1931,"comment_status":"closed","ping_status":"open","sticky":false,"template":"","format":"standard","meta":{"footnotes":""},"categories":[20],"tags":[],"class_list":["post-1930","post","type-post","status-publish","format-standard","has-post-thumbnail","hentry","category-noticias"],"_links":{"self":[{"href":"https:\/\/saaemb.sp.gov.br\/index.php\/wp-json\/wp\/v2\/posts\/1930","targetHints":{"allow":["GET"]}}],"collection":[{"href":"https:\/\/saaemb.sp.gov.br\/index.php\/wp-json\/wp\/v2\/posts"}],"about":[{"href":"https:\/\/saaemb.sp.gov.br\/index.php\/wp-json\/wp\/v2\/types\/post"}],"author":[{"embeddable":true,"href":"https:\/\/saaemb.sp.gov.br\/index.php\/wp-json\/wp\/v2\/users\/1"}],"replies":[{"embeddable":true,"href":"https:\/\/saaemb.sp.gov.br\/index.php\/wp-json\/wp\/v2\/comments?post=1930"}],"version-history":[{"count":1,"href":"https:\/\/saaemb.sp.gov.br\/index.php\/wp-json\/wp\/v2\/posts\/1930\/revisions"}],"predecessor-version":[{"id":2118,"href":"https:\/\/saaemb.sp.gov.br\/index.php\/wp-json\/wp\/v2\/posts\/1930\/revisions\/2118"}],"wp:featuredmedia":[{"embeddable":true,"href":"https:\/\/saaemb.sp.gov.br\/index.php\/wp-json\/wp\/v2\/media\/1931"}],"wp:attachment":[{"href":"https:\/\/saaemb.sp.gov.br\/index.php\/wp-json\/wp\/v2\/media?parent=1930"}],"wp:term":[{"taxonomy":"category","embeddable":true,"href":"https:\/\/saaemb.sp.gov.br\/index.php\/wp-json\/wp\/v2\/categories?post=1930"},{"taxonomy":"post_tag","embeddable":true,"href":"https:\/\/saaemb.sp.gov.br\/index.php\/wp-json\/wp\/v2\/tags?post=1930"}],"curies":[{"name":"wp","href":"https:\/\/api.w.org\/{rel}","templated":true}]}}