{"id":1934,"date":"2023-01-19T09:07:45","date_gmt":"2023-01-19T11:07:45","guid":{"rendered":"https:\/\/saaemb.sp.gov.br\/?p=1934"},"modified":"2026-01-14T17:37:27","modified_gmt":"2026-01-14T17:37:27","slug":"como-podemos-evitar-a-poluicao-das-aguas-em-buritama","status":"publish","type":"post","link":"https:\/\/saaemb.sp.gov.br\/index.php\/2023\/01\/19\/como-podemos-evitar-a-poluicao-das-aguas-em-buritama\/","title":{"rendered":"Como podemos evitar a polui\u00e7\u00e3o das \u00e1guas em Buritama?"},"content":{"rendered":"<p>A \u00e1gua \u00e9 o principal recurso do planeta e preserv\u00e1-la significa garantir a manuten\u00e7\u00e3o da vida das pessoas e das futuras gera\u00e7\u00f5es. Seu uso \u00e9 destinado para o abastecimento de resid\u00eancias, agricultura, pecu\u00e1ria, gera\u00e7\u00e3o de energia, recrea\u00e7\u00e3o, saneamento, entre outras utilidades.<\/p>\n<p>No Brasil, o desperd\u00edcio e a polui\u00e7\u00e3o de rios e lagos crescem todos os anos. A Funda\u00e7\u00e3o SOS Mata Atl\u00e2ntica informa que 35 milh\u00f5es de brasileiros n\u00e3o t\u00eam acesso \u00e0 \u00e1gua limpa e mais de 60% das doen\u00e7as que levam a interna\u00e7\u00f5es no SUS decorrem da \u00e1gua contaminada. Conforme o \u00f3rg\u00e3o, o pa\u00eds det\u00e9m 12% da \u00e1gua doce dispon\u00edvel no mundo, mas falta planejamento na gest\u00e3o desse recurso.<\/p>\n<p>Entre os principais vil\u00f5es nos munic\u00edpios est\u00e3o o esgoto e os efluentes das ind\u00fastrias, os quais possuem produtos t\u00f3xicos e metais pesados. Outro ponto preocupante \u00e9 o descarte de lixo em locais inadequados que chegam aos rios para aumentar a polui\u00e7\u00e3o e prejudicar a qualidade da \u00e1gua, al\u00e9m de ser um perigo para os animais.<\/p>\n<p>Na zona rural, o uso descriminado de agrot\u00f3xicos nas lavouras e as atividades pecu\u00e1rias tamb\u00e9m contribuem com a polui\u00e7\u00e3o das \u00e1guas. \u00c1 \u00e1gua \u00e9 indicador da qualidade ambiental e de sa\u00fade p\u00fablica. A qualidade varia de acordo com os modos de utiliza\u00e7\u00e3o do solo, da floresta, com as varia\u00e7\u00f5es do clima e dos diferentes usos da \u00e1gua.<\/p>\n<p>Para o diretor do Servi\u00e7o Aut\u00f4nomo de \u00c1gua, Esgoto e Meio Ambiente (SAAEMB), Jos\u00e9 Eduardo Marins, o consumo de \u00e1gua cresce a cada ano e os \u00edndices de perdas aumentam no Brasil. Ele disse ainda que \u00e1gua desperdi\u00e7ada n\u00e3o pode ser aproveitada, quando ocorre, todos perdem, inclusive o meio ambiente.<\/p>\n<p>\u201cA escassez de \u00e1gua \u00e9 tema de debate todos os anos pelo pa\u00eds. A ideia de conviver com cada vez menos pode parecer hist\u00f3ria de filme, mas a cada per\u00edodo \u00e9 poss\u00edvel constatar munic\u00edpios fazendo racionamento, devido \u00e0 falta de chuva e ao mesmo tempo cresce a polui\u00e7\u00e3o em rios e mares. Se n\u00e3o houver consci\u00eancia, o problema poder\u00e1 um dia chegar em nosso munic\u00edpio e prejudicar o abastecimento\u201d, concluiu o diretor.<\/p>\n<p><strong>Mude algumas a\u00e7\u00f5es<\/strong><\/p>\n<ul>\n<li>Seja consciente e n\u00e3o jogue \u00f3leo de cozinha no ralo. Guarde o produto em uma garrafa e troque no SAAEMB, por \u00f3leo novo;<\/li>\n<li>N\u00e3o use pesticidas ou herbicidas nas plantas;<\/li>\n<li>Ao descartar o lixo dom\u00e9stico, arrame os sacos antes de levar para a coleta;<\/li>\n<li>O lixo deve ser descartado em local adequado, ent\u00e3o, n\u00e3o jogue embalagens em rodovias, rios, lagos e mares;<\/li>\n<li>Caso tenha medicamentos em desuso em casa, n\u00e3o descarte no vaso sanit\u00e1rio. Procure verificar se na sua cidade se tem alguma farm\u00e1cia que coleta rem\u00e9dio vencido;<\/li>\n<li>Ao escovar os dentes, tomar banho, fazer a barba, por exemplo, tenha em mente a necessidade de reduzir o desperd\u00edcio na hora do uso;<\/li>\n<li>Ao fazer alguma obra ou escava\u00e7\u00e3o, evite a eros\u00e3o do solo, caso seja necess\u00e1rio, fa\u00e7a a cobertura vegetal e plante \u00e1rvores;<\/li>\n<li>Ao limpar sua resid\u00eancia, pense em adquirir produtos biodegrad\u00e1veis, diminua o uso de produtos qu\u00edmicos nos afazeres de casa.<\/li>\n<\/ul>\n<p><strong>Publica\u00e7\u00e3o:<\/strong> 19\/01\/2023 \u2013 \u00e0s 08h07<\/p>\n<p><img decoding=\"async\" class=\"alignnone  wp-image-1826 lazyload\" src=\"data:image\/gif;base64,R0lGODlhAQABAAAAACH5BAEKAAEALAAAAAABAAEAAAICTAEAOw==\" data-src=\"https:\/\/saaemb.sp.gov.br\/wp-content\/uploads\/2022\/11\/Objetivos-de-Desenvolvimento-Sustentavel-300x195.png\" alt=\"\" width=\"129\" height=\"84\" \/> <img decoding=\"async\" class=\"alignnone  wp-image-1811 lazyload\" src=\"data:image\/gif;base64,R0lGODlhAQABAAAAACH5BAEKAAEALAAAAAABAAEAAAICTAEAOw==\" data-src=\"https:\/\/saaemb.sp.gov.br\/wp-content\/uploads\/2022\/11\/3.-Saude-e-bem-estar-300x300.png\" alt=\"\" width=\"71\" height=\"71\" \/> <img decoding=\"async\" class=\"alignnone  wp-image-1813 lazyload\" src=\"data:image\/gif;base64,R0lGODlhAQABAAAAACH5BAEKAAEALAAAAAABAAEAAAICTAEAOw==\" data-src=\"https:\/\/saaemb.sp.gov.br\/wp-content\/uploads\/2022\/11\/6.-Agua-potavel-e-saneamento-300x300.png\" alt=\"\" width=\"72\" height=\"72\" \/> <img loading=\"lazy\" decoding=\"async\" class=\"alignnone  wp-image-1805 lazyload\" src=\"data:image\/gif;base64,R0lGODlhAQABAAAAACH5BAEKAAEALAAAAAABAAEAAAICTAEAOw==\" data-src=\"https:\/\/saaemb.sp.gov.br\/wp-content\/uploads\/2022\/11\/11.-Cidades-e-comunidades-sustenstaveis-300x300.png\" alt=\"\" width=\"73\" height=\"73\" \/> <img loading=\"lazy\" decoding=\"async\" class=\"alignnone  wp-image-1819 lazyload\" src=\"data:image\/gif;base64,R0lGODlhAQABAAAAACH5BAEKAAEALAAAAAABAAEAAAICTAEAOw==\" data-src=\"https:\/\/saaemb.sp.gov.br\/wp-content\/uploads\/2022\/11\/13.-Acao-contra-a-mudanca-global-do-clima-300x300.png\" alt=\"\" width=\"73\" height=\"73\" \/> <img loading=\"lazy\" decoding=\"async\" class=\"alignnone  wp-image-1820 lazyload\" src=\"data:image\/gif;base64,R0lGODlhAQABAAAAACH5BAEKAAEALAAAAAABAAEAAAICTAEAOw==\" data-src=\"https:\/\/saaemb.sp.gov.br\/wp-content\/uploads\/2022\/11\/14.-Vida-na-agua-300x300.png\" alt=\"\" width=\"74\" height=\"74\" \/> <img loading=\"lazy\" decoding=\"async\" class=\"alignnone  wp-image-1806 lazyload\" src=\"data:image\/gif;base64,R0lGODlhAQABAAAAACH5BAEKAAEALAAAAAABAAEAAAICTAEAOw==\" data-src=\"https:\/\/saaemb.sp.gov.br\/wp-content\/uploads\/2022\/11\/15.-Vida-terrestre-300x300.png\" alt=\"\" width=\"74\" height=\"74\" \/><\/p>\n","protected":false},"excerpt":{"rendered":"<p>A \u00e1gua \u00e9 o principal recurso do planeta e preserv\u00e1-la significa garantir a manuten\u00e7\u00e3o da vida das pessoas e das futuras gera\u00e7\u00f5es. Seu uso \u00e9 destinado para o abastecimento de resid\u00eancias, agricultura, pecu\u00e1ria, gera\u00e7\u00e3o de energia, recrea\u00e7\u00e3o, saneamento, entre outras utilidades. No Brasil, o desperd\u00edcio e a polui\u00e7\u00e3o de rios e lagos crescem todos os [&hellip;]<\/p>\n","protected":false},"author":1,"featured_media":1935,"comment_status":"closed","ping_status":"open","sticky":false,"template":"","format":"standard","meta":{"footnotes":""},"categories":[20],"tags":[],"class_list":["post-1934","post","type-post","status-publish","format-standard","has-post-thumbnail","hentry","category-noticias"],"_links":{"self":[{"href":"https:\/\/saaemb.sp.gov.br\/index.php\/wp-json\/wp\/v2\/posts\/1934","targetHints":{"allow":["GET"]}}],"collection":[{"href":"https:\/\/saaemb.sp.gov.br\/index.php\/wp-json\/wp\/v2\/posts"}],"about":[{"href":"https:\/\/saaemb.sp.gov.br\/index.php\/wp-json\/wp\/v2\/types\/post"}],"author":[{"embeddable":true,"href":"https:\/\/saaemb.sp.gov.br\/index.php\/wp-json\/wp\/v2\/users\/1"}],"replies":[{"embeddable":true,"href":"https:\/\/saaemb.sp.gov.br\/index.php\/wp-json\/wp\/v2\/comments?post=1934"}],"version-history":[{"count":1,"href":"https:\/\/saaemb.sp.gov.br\/index.php\/wp-json\/wp\/v2\/posts\/1934\/revisions"}],"predecessor-version":[{"id":2117,"href":"https:\/\/saaemb.sp.gov.br\/index.php\/wp-json\/wp\/v2\/posts\/1934\/revisions\/2117"}],"wp:featuredmedia":[{"embeddable":true,"href":"https:\/\/saaemb.sp.gov.br\/index.php\/wp-json\/wp\/v2\/media\/1935"}],"wp:attachment":[{"href":"https:\/\/saaemb.sp.gov.br\/index.php\/wp-json\/wp\/v2\/media?parent=1934"}],"wp:term":[{"taxonomy":"category","embeddable":true,"href":"https:\/\/saaemb.sp.gov.br\/index.php\/wp-json\/wp\/v2\/categories?post=1934"},{"taxonomy":"post_tag","embeddable":true,"href":"https:\/\/saaemb.sp.gov.br\/index.php\/wp-json\/wp\/v2\/tags?post=1934"}],"curies":[{"name":"wp","href":"https:\/\/api.w.org\/{rel}","templated":true}]}}