{"id":1944,"date":"2023-01-26T10:14:04","date_gmt":"2023-01-26T12:14:04","guid":{"rendered":"https:\/\/saaemb.sp.gov.br\/?p=1944"},"modified":"2026-01-14T17:37:27","modified_gmt":"2026-01-14T17:37:27","slug":"saaemb-orienta-sobre-a-importancia-da-sustentabilidade-para-preservacao-do-meio-ambiente","status":"publish","type":"post","link":"https:\/\/saaemb.sp.gov.br\/index.php\/2023\/01\/26\/saaemb-orienta-sobre-a-importancia-da-sustentabilidade-para-preservacao-do-meio-ambiente\/","title":{"rendered":"SAAEMB orienta sobre a import\u00e2ncia da sustentabilidade para preserva\u00e7\u00e3o do meio ambiente"},"content":{"rendered":"<p>A sustentabilidade deixou de ser apenas uma palavra do dicion\u00e1rio e passou a ser uma preocupa\u00e7\u00e3o crescente na sociedade. O conceito envolve a\u00e7\u00f5es em conjunto e proje\u00e7\u00f5es futuras, j\u00e1 que os recursos naturais est\u00e3o cada vez mais escassos. N\u00e3o basta apenas conhecer, cada morador precisa colocar em pr\u00e1tica a\u00e7\u00f5es de preven\u00e7\u00e3o.<\/p>\n<p>A Organiza\u00e7\u00e3o das Na\u00e7\u00f5es Unidas (ONU) prop\u00f5e os munic\u00edpios os Objetivos de Desenvolvimento Sustent\u00e1vel (ODS). Pa\u00edses se reuniram e estabeleceram a\u00e7\u00f5es para serem aplicadas at\u00e9 2030, no intuito de melhorar a \u00e1rea social, ambiental e econ\u00f4mica. O meio ambiente est\u00e1 inserido em todo \u00e2mbito das discuss\u00f5es.<\/p>\n<p>Para o diretor do Servi\u00e7o Aut\u00f4nomo de \u00c1gua, Esgoto e Meio Ambiente, Jos\u00e9 Eduardo Marins, a sustentabilidade ambiental \u00e9 um conceito importante e deve fazer parte dos debates entre familiares, vizinhos e amigos. Ele comentou ainda que as a\u00e7\u00f5es realizadas no munic\u00edpio visam a melhoria da vida da popula\u00e7\u00e3o.<\/p>\n<p>\u201c\u00c9 importante usar os recursos naturais e n\u00e3o d\u00e1 para viver sem eles. O que precisamos \u00e9 aumentar nossa consci\u00eancia e n\u00e3o deixar que nossas a\u00e7\u00f5es possam afetar as gera\u00e7\u00f5es futuras. O acesso b\u00e1sico \u00e0 educa\u00e7\u00e3o, cultura e saneamento b\u00e1sico, s\u00e3o fatores essenciais para o combate da desigualdade social, o que ir\u00e1 contribuir com a preserva\u00e7\u00e3o ambiental\u201d, comentou Marins.<\/p>\n<p>Segundo o diretor, a sustentabilidade \u00e9 um tema fundamental para alcan\u00e7ar a mudan\u00e7a de h\u00e1bito da sociedade. \u201cReciclar o lixo dom\u00e9stico, evitar desperd\u00edcio de \u00e1gua e reaproveitar materiais, n\u00e3o \u00e9 somente resolver um problema, mas \u00e9 ir al\u00e9m, e refletir sobre qual mundo iremos deixar para nossos filhos e netos\u201d, concluiu.<\/p>\n<p><strong>Rotina ecol\u00f3gica em casa<\/strong><\/p>\n<ul>\n<li>Invista em produtos at\u00f3xicos (produtos biodegrad\u00e1veis);<\/li>\n<li>Reaproveite a \u00e1gua (n\u00e3o \u00e9 infinito);<\/li>\n<li>Priorize a luz natural (deslize a luz, abra a janela e deixe o sol entrar);<\/li>\n<li>Invista em l\u00e2mpadas eficientes (duram mais e economizam energia el\u00e9trica);<\/li>\n<li>Gere menos lixo e separe-o (envie para reciclagem e fa\u00e7a o reuso);<\/li>\n<li>Fa\u00e7a compostagem (o lixo org\u00e2nico pode virar adubo ao inv\u00e9s de ir para o aterro).<\/li>\n<\/ul>\n<p><strong>Imagem: <\/strong>https:\/\/fce.edu.br\/blog\/educacao-ambiental-na-escola-sustentabilidade-consciente\/<\/p>\n<p><strong>Publica\u00e7\u00e3o:<\/strong> 26\/01\/2023 \u2013 \u00e0s 09h14<\/p>\n<p><img decoding=\"async\" class=\"alignnone wp-image-1826 lazyload\" src=\"data:image\/gif;base64,R0lGODlhAQABAAAAACH5BAEKAAEALAAAAAABAAEAAAICTAEAOw==\" data-src=\"https:\/\/saaemb.sp.gov.br\/wp-content\/uploads\/2022\/11\/Objetivos-de-Desenvolvimento-Sustentavel-300x195.png\" alt=\"\" width=\"122\" height=\"79\" \/> <img decoding=\"async\" class=\"alignnone wp-image-1811 lazyload\" src=\"data:image\/gif;base64,R0lGODlhAQABAAAAACH5BAEKAAEALAAAAAABAAEAAAICTAEAOw==\" data-src=\"https:\/\/saaemb.sp.gov.br\/wp-content\/uploads\/2022\/11\/3.-Saude-e-bem-estar-300x300.png\" alt=\"\" width=\"63\" height=\"63\" \/> <img decoding=\"async\" class=\"alignnone wp-image-1805 lazyload\" src=\"data:image\/gif;base64,R0lGODlhAQABAAAAACH5BAEKAAEALAAAAAABAAEAAAICTAEAOw==\" data-src=\"https:\/\/saaemb.sp.gov.br\/wp-content\/uploads\/2022\/11\/11.-Cidades-e-comunidades-sustenstaveis-300x300.png\" alt=\"\" width=\"64\" height=\"64\" \/> <img loading=\"lazy\" decoding=\"async\" class=\"alignnone wp-image-1818 lazyload\" src=\"data:image\/gif;base64,R0lGODlhAQABAAAAACH5BAEKAAEALAAAAAABAAEAAAICTAEAOw==\" data-src=\"https:\/\/saaemb.sp.gov.br\/wp-content\/uploads\/2022\/11\/12.-Consumo-e-producao-responsaveis-300x300.png\" alt=\"\" width=\"64\" height=\"64\" \/> <img loading=\"lazy\" decoding=\"async\" class=\"alignnone wp-image-1819 lazyload\" src=\"data:image\/gif;base64,R0lGODlhAQABAAAAACH5BAEKAAEALAAAAAABAAEAAAICTAEAOw==\" data-src=\"https:\/\/saaemb.sp.gov.br\/wp-content\/uploads\/2022\/11\/13.-Acao-contra-a-mudanca-global-do-clima-300x300.png\" alt=\"\" width=\"64\" height=\"64\" \/> <img loading=\"lazy\" decoding=\"async\" class=\"alignnone wp-image-1820 lazyload\" src=\"data:image\/gif;base64,R0lGODlhAQABAAAAACH5BAEKAAEALAAAAAABAAEAAAICTAEAOw==\" data-src=\"https:\/\/saaemb.sp.gov.br\/wp-content\/uploads\/2022\/11\/14.-Vida-na-agua-300x300.png\" alt=\"\" width=\"64\" height=\"64\" \/> <img loading=\"lazy\" decoding=\"async\" class=\"alignnone wp-image-1806 lazyload\" src=\"data:image\/gif;base64,R0lGODlhAQABAAAAACH5BAEKAAEALAAAAAABAAEAAAICTAEAOw==\" data-src=\"https:\/\/saaemb.sp.gov.br\/wp-content\/uploads\/2022\/11\/15.-Vida-terrestre-300x300.png\" alt=\"\" width=\"64\" height=\"64\" \/><\/p>\n","protected":false},"excerpt":{"rendered":"<p>A sustentabilidade deixou de ser apenas uma palavra do dicion\u00e1rio e passou a ser uma preocupa\u00e7\u00e3o crescente na sociedade. O conceito envolve a\u00e7\u00f5es em conjunto e proje\u00e7\u00f5es futuras, j\u00e1 que os recursos naturais est\u00e3o cada vez mais escassos. N\u00e3o basta apenas conhecer, cada morador precisa colocar em pr\u00e1tica a\u00e7\u00f5es de preven\u00e7\u00e3o. A Organiza\u00e7\u00e3o das Na\u00e7\u00f5es [&hellip;]<\/p>\n","protected":false},"author":1,"featured_media":1945,"comment_status":"closed","ping_status":"open","sticky":false,"template":"","format":"standard","meta":{"footnotes":""},"categories":[30],"tags":[],"class_list":["post-1944","post","type-post","status-publish","format-standard","has-post-thumbnail","hentry","category-meio-ambiente"],"_links":{"self":[{"href":"https:\/\/saaemb.sp.gov.br\/index.php\/wp-json\/wp\/v2\/posts\/1944","targetHints":{"allow":["GET"]}}],"collection":[{"href":"https:\/\/saaemb.sp.gov.br\/index.php\/wp-json\/wp\/v2\/posts"}],"about":[{"href":"https:\/\/saaemb.sp.gov.br\/index.php\/wp-json\/wp\/v2\/types\/post"}],"author":[{"embeddable":true,"href":"https:\/\/saaemb.sp.gov.br\/index.php\/wp-json\/wp\/v2\/users\/1"}],"replies":[{"embeddable":true,"href":"https:\/\/saaemb.sp.gov.br\/index.php\/wp-json\/wp\/v2\/comments?post=1944"}],"version-history":[{"count":1,"href":"https:\/\/saaemb.sp.gov.br\/index.php\/wp-json\/wp\/v2\/posts\/1944\/revisions"}],"predecessor-version":[{"id":2115,"href":"https:\/\/saaemb.sp.gov.br\/index.php\/wp-json\/wp\/v2\/posts\/1944\/revisions\/2115"}],"wp:featuredmedia":[{"embeddable":true,"href":"https:\/\/saaemb.sp.gov.br\/index.php\/wp-json\/wp\/v2\/media\/1945"}],"wp:attachment":[{"href":"https:\/\/saaemb.sp.gov.br\/index.php\/wp-json\/wp\/v2\/media?parent=1944"}],"wp:term":[{"taxonomy":"category","embeddable":true,"href":"https:\/\/saaemb.sp.gov.br\/index.php\/wp-json\/wp\/v2\/categories?post=1944"},{"taxonomy":"post_tag","embeddable":true,"href":"https:\/\/saaemb.sp.gov.br\/index.php\/wp-json\/wp\/v2\/tags?post=1944"}],"curies":[{"name":"wp","href":"https:\/\/api.w.org\/{rel}","templated":true}]}}