{"id":1949,"date":"2023-02-01T12:13:12","date_gmt":"2023-02-01T14:13:12","guid":{"rendered":"https:\/\/saaemb.sp.gov.br\/?p=1949"},"modified":"2026-01-14T17:37:27","modified_gmt":"2026-01-14T17:37:27","slug":"saaemb-orienta-para-a-proibicao-de-queimadas-na-cidade-e-zona-rural","status":"publish","type":"post","link":"https:\/\/saaemb.sp.gov.br\/index.php\/2023\/02\/01\/saaemb-orienta-para-a-proibicao-de-queimadas-na-cidade-e-zona-rural\/","title":{"rendered":"SAAEMB orienta para a proibi\u00e7\u00e3o de queimadas na cidade e zona rural"},"content":{"rendered":"<p>As queimadas devastam \u00e1reas verdes, podem interferir no ecossistema e causar preju\u00edzos ambientais a natureza. Para combater os inc\u00eandios, o Servi\u00e7o Aut\u00f4nomo de \u00c1gua, Esgoto e Meio Ambiente (SAAEMB) busca conscientizar a popula\u00e7\u00e3o de Buritama sobre os riscos da a\u00e7\u00e3o na cidade e zona rural.<\/p>\n<p>Em Buritama, a lei 3.528 de 17 de junho de 2010 \u201cpro\u00edbe a queima de qualquer material org\u00e2nico ou inorg\u00e2nico no munic\u00edpio\u201d. A lei 4.516, de 25 de janeiro de 2019 disp\u00f5e sobre convers\u00e3o de multas fixadas na lei anterior. N\u00e3o \u00e9 \u00e0 toa que at\u00e9 as queimadas estejam proibidas. Quem n\u00e3o respeitar a lei comete crime ambiental, sujeito \u00e0 multa.<\/p>\n<p>Enquadra-se na norma as queimadas de matos, galhos ou folhas ca\u00eddas, resultantes de limpeza de terrenos, varri\u00e7\u00e3o de passeios ou vias p\u00fablicas, podas ou extra\u00e7\u00f5es. Se praticada por particular em seu terreno pela primeira vez, advert\u00eancia e repara\u00e7\u00e3o imediata; na reincid\u00eancia multa de 13,49 de Unidade Fiscal do Munic\u00edpio (UFM).<\/p>\n<p>A lei cita ainda que se a a\u00e7\u00e3o for feita por particular em passeios ou vias p\u00fablicas a multa fica em 20,23 UFM; na reincid\u00eancia, o valor chega a 42,16 UFM. O preceito tamb\u00e9m diz sobre a queimada nos pr\u00f3prios terrenos de estabelecimentos industriais ou comerciais a infra\u00e7\u00e3o \u00e9 de 42,16 UFM; em passeios ou vias p\u00fablicas a penalidade chega a 59,02 UFM. A cada reincid\u00eancia o valor da multa ser\u00e1 duplicado e as infra\u00e7\u00f5es ocorridas \u00e0 noite, em finais de semana ou feriado ter\u00e3o o valor duplicado em rela\u00e7\u00e3o ao inicial.<\/p>\n<p>De acordo com a qu\u00edmica da autarquia, Let\u00edcia Souza Possani, o morador pode fazer den\u00fancia pelo telefone (18) 3691-1306 ou no pr\u00e9dio do SAAEMB localizado na rua Capit\u00e3o Vicente Gon\u00e7alves, 452, Centro, com atendimento de segunda a sexta-feira, das 8h \u00e0s 17h. Ela comentou ainda que \u00e9 importante que os moradores evitem queimar tamb\u00e9m o lixo dom\u00e9stico. A a\u00e7\u00e3o, em dias de calor intenso e com pouca chuva, o fogo pode ganhar dimens\u00f5es perigosas e tornar uma amea\u00e7a ao morador e vizinhos.<\/p>\n<p>\u201cAs queimadas interferem diretamente na sa\u00fade das pessoas. \u00c9 poss\u00edvel verificar o aumento de doen\u00e7as infecciosas e respirat\u00f3rias, asma, conjuntivite, irrita\u00e7\u00e3o da garganta, tosse, alergia na pele e at\u00e9 desordens cardiovasculares\u201d, frisou Let\u00edcia ao acrescentar que altera o clima local, diminui a visibilidade, fechamentos de aeroportos e aumento de part\u00edculas no ar.<\/p>\n<p>Segundo o diretor Jos\u00e9 Eduardo Marins, com o tempo seco, o fogo se alastra, podendo eliminar lavouras, resid\u00eancias e at\u00e9 ocasionar acidentes graves. \u201c\u00c9 importante a popula\u00e7\u00e3o se conscientizar, pois, as queimadas ocasionam s\u00e9rias consequ\u00eancias \u00e0 sa\u00fade e ao equil\u00edbrio ambiental, com danos irrevers\u00edveis a fauna e flora, al\u00e9m das doen\u00e7as respirat\u00f3rias que se agravam em idosos e crian\u00e7as\u201d, concluiu o diretor.<\/p>\n<p><strong>Publica\u00e7\u00e3o:<\/strong> 01\/02\/2023 \u2013 \u00e0s 11h13<\/p>\n<p><img decoding=\"async\" class=\"alignnone  wp-image-1826 lazyload\" src=\"data:image\/gif;base64,R0lGODlhAQABAAAAACH5BAEKAAEALAAAAAABAAEAAAICTAEAOw==\" data-src=\"https:\/\/saaemb.sp.gov.br\/wp-content\/uploads\/2022\/11\/Objetivos-de-Desenvolvimento-Sustentavel-300x195.png\" alt=\"\" width=\"143\" height=\"93\" \/>\u00a0 <img decoding=\"async\" class=\"alignnone  wp-image-1811 lazyload\" src=\"data:image\/gif;base64,R0lGODlhAQABAAAAACH5BAEKAAEALAAAAAABAAEAAAICTAEAOw==\" data-src=\"https:\/\/saaemb.sp.gov.br\/wp-content\/uploads\/2022\/11\/3.-Saude-e-bem-estar-300x300.png\" alt=\"\" width=\"74\" height=\"74\" \/> <img decoding=\"async\" class=\"alignnone  wp-image-1805 lazyload\" src=\"data:image\/gif;base64,R0lGODlhAQABAAAAACH5BAEKAAEALAAAAAABAAEAAAICTAEAOw==\" data-src=\"https:\/\/saaemb.sp.gov.br\/wp-content\/uploads\/2022\/11\/11.-Cidades-e-comunidades-sustenstaveis-300x300.png\" alt=\"\" width=\"74\" height=\"74\" \/> <img loading=\"lazy\" decoding=\"async\" class=\"alignnone  wp-image-1818 lazyload\" src=\"data:image\/gif;base64,R0lGODlhAQABAAAAACH5BAEKAAEALAAAAAABAAEAAAICTAEAOw==\" data-src=\"https:\/\/saaemb.sp.gov.br\/wp-content\/uploads\/2022\/11\/12.-Consumo-e-producao-responsaveis-300x300.png\" alt=\"\" width=\"74\" height=\"74\" \/> <img loading=\"lazy\" decoding=\"async\" class=\"alignnone  wp-image-1819 lazyload\" src=\"data:image\/gif;base64,R0lGODlhAQABAAAAACH5BAEKAAEALAAAAAABAAEAAAICTAEAOw==\" data-src=\"https:\/\/saaemb.sp.gov.br\/wp-content\/uploads\/2022\/11\/13.-Acao-contra-a-mudanca-global-do-clima-300x300.png\" alt=\"\" width=\"74\" height=\"74\" \/> <img loading=\"lazy\" decoding=\"async\" class=\"alignnone  wp-image-1806 lazyload\" src=\"data:image\/gif;base64,R0lGODlhAQABAAAAACH5BAEKAAEALAAAAAABAAEAAAICTAEAOw==\" data-src=\"https:\/\/saaemb.sp.gov.br\/wp-content\/uploads\/2022\/11\/15.-Vida-terrestre-300x300.png\" alt=\"\" width=\"75\" height=\"75\" \/><\/p>\n","protected":false},"excerpt":{"rendered":"<p>As queimadas devastam \u00e1reas verdes, podem interferir no ecossistema e causar preju\u00edzos ambientais a natureza. Para combater os inc\u00eandios, o Servi\u00e7o Aut\u00f4nomo de \u00c1gua, Esgoto e Meio Ambiente (SAAEMB) busca conscientizar a popula\u00e7\u00e3o de Buritama sobre os riscos da a\u00e7\u00e3o na cidade e zona rural. Em Buritama, a lei 3.528 de 17 de junho de [&hellip;]<\/p>\n","protected":false},"author":1,"featured_media":1950,"comment_status":"closed","ping_status":"open","sticky":false,"template":"","format":"standard","meta":{"footnotes":""},"categories":[30],"tags":[],"class_list":["post-1949","post","type-post","status-publish","format-standard","has-post-thumbnail","hentry","category-meio-ambiente"],"_links":{"self":[{"href":"https:\/\/saaemb.sp.gov.br\/index.php\/wp-json\/wp\/v2\/posts\/1949","targetHints":{"allow":["GET"]}}],"collection":[{"href":"https:\/\/saaemb.sp.gov.br\/index.php\/wp-json\/wp\/v2\/posts"}],"about":[{"href":"https:\/\/saaemb.sp.gov.br\/index.php\/wp-json\/wp\/v2\/types\/post"}],"author":[{"embeddable":true,"href":"https:\/\/saaemb.sp.gov.br\/index.php\/wp-json\/wp\/v2\/users\/1"}],"replies":[{"embeddable":true,"href":"https:\/\/saaemb.sp.gov.br\/index.php\/wp-json\/wp\/v2\/comments?post=1949"}],"version-history":[{"count":1,"href":"https:\/\/saaemb.sp.gov.br\/index.php\/wp-json\/wp\/v2\/posts\/1949\/revisions"}],"predecessor-version":[{"id":2114,"href":"https:\/\/saaemb.sp.gov.br\/index.php\/wp-json\/wp\/v2\/posts\/1949\/revisions\/2114"}],"wp:featuredmedia":[{"embeddable":true,"href":"https:\/\/saaemb.sp.gov.br\/index.php\/wp-json\/wp\/v2\/media\/1950"}],"wp:attachment":[{"href":"https:\/\/saaemb.sp.gov.br\/index.php\/wp-json\/wp\/v2\/media?parent=1949"}],"wp:term":[{"taxonomy":"category","embeddable":true,"href":"https:\/\/saaemb.sp.gov.br\/index.php\/wp-json\/wp\/v2\/categories?post=1949"},{"taxonomy":"post_tag","embeddable":true,"href":"https:\/\/saaemb.sp.gov.br\/index.php\/wp-json\/wp\/v2\/tags?post=1949"}],"curies":[{"name":"wp","href":"https:\/\/api.w.org\/{rel}","templated":true}]}}