{"id":1964,"date":"2023-02-16T08:21:07","date_gmt":"2023-02-16T10:21:07","guid":{"rendered":"https:\/\/saaemb.sp.gov.br\/?p=1964"},"modified":"2026-01-14T17:37:27","modified_gmt":"2026-01-14T17:37:27","slug":"saaemb-participa-de-reuniao-para-debater-saneamento-do-baixo-tiete","status":"publish","type":"post","link":"https:\/\/saaemb.sp.gov.br\/index.php\/2023\/02\/16\/saaemb-participa-de-reuniao-para-debater-saneamento-do-baixo-tiete\/","title":{"rendered":"SAAEMB participa de reuni\u00e3o para debater saneamento do Baixo Tiet\u00ea"},"content":{"rendered":"<p>A Qu\u00edmica Let\u00edcia Souza Possani, do Servi\u00e7o Aut\u00f4nomo de \u00c1gua, Esgoto e Meio Ambiente (SAAEMB), participou nessa quarta-feira, (15), de reuni\u00e3o do Comit\u00ea da Bacia Hidrogr\u00e1fica do Baixo Tiet\u00ea (CBH-BT), na cidade de Birigui. O encontro contou com a participa\u00e7\u00e3o dos membros da C\u00e2mara T\u00e9cnica de Saneamento. Os representantes debateram o regimento interno, a delibera\u00e7\u00e3o das pautas aprovadas pelo comit\u00ea do Baixo Tiet\u00ea, entre outros assuntos envolvendo o saneamento.<\/p>\n<p>O CBT-BT foi criado em 1994, em assembleia realizada em Pen\u00e1polis, sendo o segundo comit\u00ea a ser institu\u00eddo no Estado. \u00c9 composto por plen\u00e1ria tripartite de 45 membros que representam 42 munic\u00edpios da foz do Rio Tiet\u00ea, com sede no Departamento de \u00c1guas e Energia El\u00e9trica em Birigui.<\/p>\n<p>Segundo Let\u00edcia, a participa\u00e7\u00e3o da reuni\u00e3o \u00e9 uma oportunidade para debater a\u00e7\u00f5es entre os munic\u00edpios e trocar experi\u00eancias com os gestores do saneamento. \u201cOs temas em discuss\u00e3o no comit\u00ea s\u00e3o fundamentais para que cada representante consiga trabalhar a gest\u00e3o da bacia hidrogr\u00e1fica e recursos h\u00eddricos em seu munic\u00edpio\u201d, comentou.<\/p>\n<p>Com \u00e1rea de 15.471 quil\u00f4metros e 800 mil habitantes, a regi\u00e3o do Comit\u00ea da Baixa Hidrogr\u00e1fica do Baixo Tiet\u00ea abrande as hidrel\u00e9tricas de Nova Avanhandava (Buritama) e Tr\u00eas Irm\u00e3os (Pereira Barreto), com imenso potencial tur\u00edstico e disponibilidade de \u00e1gua.<\/p>\n<p>O Comit\u00ea da Bacia Hidrogr\u00e1fica do Baixo Tiet\u00ea conta com sete c\u00e2maras, entre elas, C\u00e2mara T\u00e9cnica de Turismo e Educa\u00e7\u00e3o Ambiental; C\u00e2mara T\u00e9cnica de Saneamento; C\u00e2mara T\u00e9cnica de Conserva\u00e7\u00e3o e Prote\u00e7\u00e3o dos Recursos Naturais; C\u00e2mara T\u00e9cnica de Planejamento e Avalia\u00e7\u00e3o; C\u00e2mara T\u00e9cnica de Outorgas e Licen\u00e7as; C\u00e2mara T\u00e9cnica de Desenvolvimento Sustent\u00e1vel; C\u00e2mara T\u00e9cnica de Assuntos Institucionais.<\/p>\n<p><strong>Publica\u00e7\u00e3o:<\/strong> 16\/02\/2023 \u2013 \u00e0s 07h21<\/p>\n<p><img decoding=\"async\" class=\"alignnone  wp-image-1826 lazyload\" src=\"data:image\/gif;base64,R0lGODlhAQABAAAAACH5BAEKAAEALAAAAAABAAEAAAICTAEAOw==\" data-src=\"https:\/\/saaemb.sp.gov.br\/wp-content\/uploads\/2022\/11\/Objetivos-de-Desenvolvimento-Sustentavel-300x195.png\" alt=\"\" width=\"125\" height=\"81\" \/> <img decoding=\"async\" class=\"alignnone  wp-image-1811 lazyload\" src=\"data:image\/gif;base64,R0lGODlhAQABAAAAACH5BAEKAAEALAAAAAABAAEAAAICTAEAOw==\" data-src=\"https:\/\/saaemb.sp.gov.br\/wp-content\/uploads\/2022\/11\/3.-Saude-e-bem-estar-300x300.png\" alt=\"\" width=\"81\" height=\"81\" \/> <img decoding=\"async\" class=\"alignnone  wp-image-1813 lazyload\" src=\"data:image\/gif;base64,R0lGODlhAQABAAAAACH5BAEKAAEALAAAAAABAAEAAAICTAEAOw==\" data-src=\"https:\/\/saaemb.sp.gov.br\/wp-content\/uploads\/2022\/11\/6.-Agua-potavel-e-saneamento-300x300.png\" alt=\"\" width=\"82\" height=\"82\" \/> <img loading=\"lazy\" decoding=\"async\" class=\"alignnone  wp-image-1805 lazyload\" src=\"data:image\/gif;base64,R0lGODlhAQABAAAAACH5BAEKAAEALAAAAAABAAEAAAICTAEAOw==\" data-src=\"https:\/\/saaemb.sp.gov.br\/wp-content\/uploads\/2022\/11\/11.-Cidades-e-comunidades-sustenstaveis-300x300.png\" alt=\"\" width=\"82\" height=\"82\" \/> <img loading=\"lazy\" decoding=\"async\" class=\"alignnone  wp-image-1818 lazyload\" src=\"data:image\/gif;base64,R0lGODlhAQABAAAAACH5BAEKAAEALAAAAAABAAEAAAICTAEAOw==\" data-src=\"https:\/\/saaemb.sp.gov.br\/wp-content\/uploads\/2022\/11\/12.-Consumo-e-producao-responsaveis-300x300.png\" alt=\"\" width=\"82\" height=\"82\" \/> <img loading=\"lazy\" decoding=\"async\" class=\"alignnone  wp-image-1819 lazyload\" src=\"data:image\/gif;base64,R0lGODlhAQABAAAAACH5BAEKAAEALAAAAAABAAEAAAICTAEAOw==\" data-src=\"https:\/\/saaemb.sp.gov.br\/wp-content\/uploads\/2022\/11\/13.-Acao-contra-a-mudanca-global-do-clima-300x300.png\" alt=\"\" width=\"82\" height=\"82\" \/><\/p>\n","protected":false},"excerpt":{"rendered":"<p>A Qu\u00edmica Let\u00edcia Souza Possani, do Servi\u00e7o Aut\u00f4nomo de \u00c1gua, Esgoto e Meio Ambiente (SAAEMB), participou nessa quarta-feira, (15), de reuni\u00e3o do Comit\u00ea da Bacia Hidrogr\u00e1fica do Baixo Tiet\u00ea (CBH-BT), na cidade de Birigui. O encontro contou com a participa\u00e7\u00e3o dos membros da C\u00e2mara T\u00e9cnica de Saneamento. Os representantes debateram o regimento interno, a delibera\u00e7\u00e3o [&hellip;]<\/p>\n","protected":false},"author":1,"featured_media":1965,"comment_status":"closed","ping_status":"open","sticky":false,"template":"","format":"standard","meta":{"footnotes":""},"categories":[20],"tags":[],"class_list":["post-1964","post","type-post","status-publish","format-standard","has-post-thumbnail","hentry","category-noticias"],"_links":{"self":[{"href":"https:\/\/saaemb.sp.gov.br\/index.php\/wp-json\/wp\/v2\/posts\/1964","targetHints":{"allow":["GET"]}}],"collection":[{"href":"https:\/\/saaemb.sp.gov.br\/index.php\/wp-json\/wp\/v2\/posts"}],"about":[{"href":"https:\/\/saaemb.sp.gov.br\/index.php\/wp-json\/wp\/v2\/types\/post"}],"author":[{"embeddable":true,"href":"https:\/\/saaemb.sp.gov.br\/index.php\/wp-json\/wp\/v2\/users\/1"}],"replies":[{"embeddable":true,"href":"https:\/\/saaemb.sp.gov.br\/index.php\/wp-json\/wp\/v2\/comments?post=1964"}],"version-history":[{"count":1,"href":"https:\/\/saaemb.sp.gov.br\/index.php\/wp-json\/wp\/v2\/posts\/1964\/revisions"}],"predecessor-version":[{"id":2111,"href":"https:\/\/saaemb.sp.gov.br\/index.php\/wp-json\/wp\/v2\/posts\/1964\/revisions\/2111"}],"wp:featuredmedia":[{"embeddable":true,"href":"https:\/\/saaemb.sp.gov.br\/index.php\/wp-json\/wp\/v2\/media\/1965"}],"wp:attachment":[{"href":"https:\/\/saaemb.sp.gov.br\/index.php\/wp-json\/wp\/v2\/media?parent=1964"}],"wp:term":[{"taxonomy":"category","embeddable":true,"href":"https:\/\/saaemb.sp.gov.br\/index.php\/wp-json\/wp\/v2\/categories?post=1964"},{"taxonomy":"post_tag","embeddable":true,"href":"https:\/\/saaemb.sp.gov.br\/index.php\/wp-json\/wp\/v2\/tags?post=1964"}],"curies":[{"name":"wp","href":"https:\/\/api.w.org\/{rel}","templated":true}]}}