{"id":1984,"date":"2023-05-03T16:36:09","date_gmt":"2023-05-03T19:36:09","guid":{"rendered":"https:\/\/saaemb.sp.gov.br\/?p=1984"},"modified":"2026-01-14T17:37:27","modified_gmt":"2026-01-14T17:37:27","slug":"saaemb-participa-de-reuniao-sobre-nova-resolucao-do-municipio-verdeazul","status":"publish","type":"post","link":"https:\/\/saaemb.sp.gov.br\/index.php\/2023\/05\/03\/saaemb-participa-de-reuniao-sobre-nova-resolucao-do-municipio-verdeazul\/","title":{"rendered":"SAAEMB participa de reuni\u00e3o sobre nova resolu\u00e7\u00e3o do Munic\u00edpio VerdeAzul"},"content":{"rendered":"<p>O Servi\u00e7o Aut\u00f4nomo de \u00c1gua, Esgoto e Meio Ambiente de Buritama (SAAEMB), representado pela qu\u00edmica Let\u00edcia Souza Possani, participou na quinta-feira (26), de reuni\u00e3o regional sobre o Programa Munic\u00edpio Verde Azul (PMVA), na cidade de Lourdes, interior de S\u00e3o Paulo.<\/p>\n<p>Durante o encontro, os participantes debateram a nova resolu\u00e7\u00e3o e as mudan\u00e7as sobre as novas diretivas do ciclo 2022\/2023 do PMVA. Em pauta, o grupo ambiental apresentou informa\u00e7\u00f5es sobre o mutir\u00e3o para coleta de lixo eletr\u00f4nico.<\/p>\n<p>Para Let\u00edcia, o novo formato do PMVA tornou-se mais objetivo e menos burocr\u00e1tico. Ela explicou que as d\u00favidas apresentadas pelos interlocutores ser\u00e3o encaminhadas para os t\u00e9cnicos do programa na Secretaria de Meio Ambiente, Infraestrutura e Log\u00edstica do governo estadual.<\/p>\n<p>\u201cNa reuni\u00e3o ficou definido que o mutir\u00e3o regional de coleta de lixo eletr\u00f4nico ter\u00e1 como data de entrega o dia 14 de junho dentro da Semana de Meio Ambiente como a\u00e7\u00e3o de conscientiza\u00e7\u00e3o intermunicipal. A entrega ser\u00e1 oficializa em Nhandeara, onde o produto \u00e9 pesado e recebe certificado de correta destina\u00e7\u00e3o do lixo eletr\u00f4nico para os munic\u00edpios participantes\u201d, salientou Let\u00edcia.<\/p>\n<p>Segundo a qu\u00edmica, \u00e9 importante a participa\u00e7\u00e3o da popula\u00e7\u00e3o que deve unir aos esfor\u00e7os para reduzir o descarte irregular e os riscos \u00e0 sa\u00fade humana e ambiental. Ela explicou que o SAAEMB \u00e9 ponto de coleta de lixo eletr\u00f4nico e os moradores podem levar no pr\u00e9dio da autarquia.<\/p>\n<p>\u201cTodo material que pode conter res\u00edduos de metais perigosos e de dif\u00edcil degrada\u00e7\u00e3o deve ser descartados corretamente. Caso fique guardado deixa de ser reciclado e prejudica o meio ambiente\u201d, explicou.<\/p>\n<p>A reuni\u00e3o contou com representantes das cidades de Buritama, Lourdes, Gast\u00e3o Vidigal, Macaubal, Mon\u00e7\u00f5es e Nova Luzit\u00e2nia.<\/p>\n<p><strong>Lixo eletr\u00f4nico<\/strong><\/p>\n<p>O lixo eletr\u00f4nico, termo que se refere aos restos de computadores obsoletos, telefones celulares e outros aparelhos eletr\u00f4nicos, foi um dos eixos centrais dos \u00f3rg\u00e3os p\u00fablicos e empresas voltadas para o meio ambiente. O SAAEMB salienta ainda que micro-ondas, TVs antigas e aparelhos como geladeira ou fog\u00e3o tamb\u00e9m podem ser descartados na autarquia.<\/p>\n<p>O SAAEMB fica localizado na rua Capit\u00e3o Vicente Gon\u00e7alves, 434, Centro. O atendimento acontece das 8h \u00e0s 17h, de segunda a sexta-feira. Mais informa\u00e7\u00f5es sobre a entrega de lixo eletr\u00f4nico podem ser obtidas pelo telefone (18) 3691-1306.<\/p>\n<p>Publica\u00e7\u00e3o: 03-05-2023 &#8211; \u00e0s 16h34<\/p>\n<p><img decoding=\"async\" class=\"alignnone  wp-image-1826 lazyload\" src=\"data:image\/gif;base64,R0lGODlhAQABAAAAACH5BAEKAAEALAAAAAABAAEAAAICTAEAOw==\" data-src=\"https:\/\/saaemb.sp.gov.br\/wp-content\/uploads\/2022\/11\/Objetivos-de-Desenvolvimento-Sustentavel-300x195.png\" alt=\"\" width=\"211\" height=\"137\" \/> <img decoding=\"async\" class=\"alignnone  wp-image-1811 lazyload\" src=\"data:image\/gif;base64,R0lGODlhAQABAAAAACH5BAEKAAEALAAAAAABAAEAAAICTAEAOw==\" data-src=\"https:\/\/saaemb.sp.gov.br\/wp-content\/uploads\/2022\/11\/3.-Saude-e-bem-estar-300x300.png\" alt=\"\" width=\"146\" height=\"146\" \/> <img decoding=\"async\" class=\"alignnone  wp-image-1813 lazyload\" src=\"data:image\/gif;base64,R0lGODlhAQABAAAAACH5BAEKAAEALAAAAAABAAEAAAICTAEAOw==\" data-src=\"https:\/\/saaemb.sp.gov.br\/wp-content\/uploads\/2022\/11\/6.-Agua-potavel-e-saneamento-300x300.png\" alt=\"\" width=\"146\" height=\"146\" \/><\/p>\n","protected":false},"excerpt":{"rendered":"<p>O Servi\u00e7o Aut\u00f4nomo de \u00c1gua, Esgoto e Meio Ambiente de Buritama (SAAEMB), representado pela qu\u00edmica Let\u00edcia Souza Possani, participou na quinta-feira (26), de reuni\u00e3o regional sobre o Programa Munic\u00edpio Verde Azul (PMVA), na cidade de Lourdes, interior de S\u00e3o Paulo. Durante o encontro, os participantes debateram a nova resolu\u00e7\u00e3o e as mudan\u00e7as sobre as novas [&hellip;]<\/p>\n","protected":false},"author":1,"featured_media":1985,"comment_status":"closed","ping_status":"open","sticky":false,"template":"","format":"standard","meta":{"footnotes":""},"categories":[16,24],"tags":[],"class_list":["post-1984","post","type-post","status-publish","format-standard","has-post-thumbnail","hentry","category-destaque","category-municipio-verdeazul-2"],"_links":{"self":[{"href":"https:\/\/saaemb.sp.gov.br\/index.php\/wp-json\/wp\/v2\/posts\/1984","targetHints":{"allow":["GET"]}}],"collection":[{"href":"https:\/\/saaemb.sp.gov.br\/index.php\/wp-json\/wp\/v2\/posts"}],"about":[{"href":"https:\/\/saaemb.sp.gov.br\/index.php\/wp-json\/wp\/v2\/types\/post"}],"author":[{"embeddable":true,"href":"https:\/\/saaemb.sp.gov.br\/index.php\/wp-json\/wp\/v2\/users\/1"}],"replies":[{"embeddable":true,"href":"https:\/\/saaemb.sp.gov.br\/index.php\/wp-json\/wp\/v2\/comments?post=1984"}],"version-history":[{"count":1,"href":"https:\/\/saaemb.sp.gov.br\/index.php\/wp-json\/wp\/v2\/posts\/1984\/revisions"}],"predecessor-version":[{"id":2107,"href":"https:\/\/saaemb.sp.gov.br\/index.php\/wp-json\/wp\/v2\/posts\/1984\/revisions\/2107"}],"wp:featuredmedia":[{"embeddable":true,"href":"https:\/\/saaemb.sp.gov.br\/index.php\/wp-json\/wp\/v2\/media\/1985"}],"wp:attachment":[{"href":"https:\/\/saaemb.sp.gov.br\/index.php\/wp-json\/wp\/v2\/media?parent=1984"}],"wp:term":[{"taxonomy":"category","embeddable":true,"href":"https:\/\/saaemb.sp.gov.br\/index.php\/wp-json\/wp\/v2\/categories?post=1984"},{"taxonomy":"post_tag","embeddable":true,"href":"https:\/\/saaemb.sp.gov.br\/index.php\/wp-json\/wp\/v2\/tags?post=1984"}],"curies":[{"name":"wp","href":"https:\/\/api.w.org\/{rel}","templated":true}]}}