{"id":1994,"date":"2023-05-29T16:19:01","date_gmt":"2023-05-29T19:19:01","guid":{"rendered":"https:\/\/saaemb.sp.gov.br\/?p=1994"},"modified":"2026-01-14T17:37:27","modified_gmt":"2026-01-14T17:37:27","slug":"queimada-e-tema-de-palestra-ministrada-por-bombeiro-em-buritama","status":"publish","type":"post","link":"https:\/\/saaemb.sp.gov.br\/index.php\/2023\/05\/29\/queimada-e-tema-de-palestra-ministrada-por-bombeiro-em-buritama\/","title":{"rendered":"Queimada \u00e9 tema de palestra ministrada por bombeiro, em Buritama"},"content":{"rendered":"<p>A palestra \u201cPreven\u00e7\u00e3o e combate de inc\u00eandios em vegeta\u00e7\u00e3o natural e cultivada\u201d \u00e9 tema importante para in\u00edcio da seca no interior paulista. O evento ser\u00e1 coordenado pelo soldado da Pol\u00edcia Militar, Ulisses Scacalossi Athayde, respons\u00e1vel pela Base Comunit\u00e1ria do Corpo de Bombeiros de Buritama, em parceria com a Casa da Agricultura. A palestra acontece no dia 6 de junho, a partir das 9h, na C\u00e2mara Municipal.<\/p>\n<p>O per\u00edodo sem chuvas contribui muito para o tempo ficar ainda mais seco, o que pode aumentar as chances de queimadas pela cidade e na zona rural. O munic\u00edpio de Buritama conta com uma base comunit\u00e1ria e brigadistas, no entanto, a conscientiza\u00e7\u00e3o \u00e9 a principal ferramenta para evitar trag\u00e9dias em im\u00f3veis e vegeta\u00e7\u00e3o nativa.<\/p>\n<p>De acordo com o soldado da Pol\u00edcia Militar, Ulisses Scacalossi Athayde que atua na Base Comunit\u00e1ria de Bombeiros de Buritama, a palestra sobre o combate a inc\u00eandios florestais busca alertar a popula\u00e7\u00e3o sobre os danos que podem ser causados pelas queimadas, tanto para o meio ambiente, quanto para a sa\u00fade das pessoas.<\/p>\n<p>\u201c\u00c9 muito importante esclarecer sobre os perigos das queimadas e sobre as penalidades, j\u00e1 que visa minimizar as ocorr\u00eancias, visto que muitas pessoas costumam fazer queimadas para preparar o solo para o plantio ou para queimar lixo, atitudes proibidas que, por falta de conscientiza\u00e7\u00e3o, pode causar trag\u00e9dias no campo e na cidade\u201d, comentou o bombeiro Ulisses.<\/p>\n<p><strong>\u00a0<\/strong><strong>Servi\u00e7o<\/strong><\/p>\n<p><strong>Palestra: <\/strong>Preven\u00e7\u00e3o e combate de inc\u00eandios em vegeta\u00e7\u00e3o natural e cultivada<\/p>\n<p><strong>Data:<\/strong> 6 de junho<\/p>\n<p><strong>Hor\u00e1rio:<\/strong> 9h<\/p>\n<p><strong>Local: <\/strong>C\u00e2mara Municipal de Buritama<\/p>\n<p><strong>Endere\u00e7o:<\/strong> Avenida Benedito Alves Rangel, 1.500 &#8211; Centro.<\/p>\n<p><strong>Informa\u00e7\u00f5es:<\/strong> (18) 3691-1248 (Casa da Agricultura)<\/p>\n<p>Publica\u00e7\u00e3o: 29-05-2023 &#8211; \u00e0s 16h16<\/p>\n<p><img decoding=\"async\" class=\"alignnone wp-image-1826 lazyload\" src=\"data:image\/gif;base64,R0lGODlhAQABAAAAACH5BAEKAAEALAAAAAABAAEAAAICTAEAOw==\" data-src=\"https:\/\/saaemb.sp.gov.br\/wp-content\/uploads\/2022\/11\/Objetivos-de-Desenvolvimento-Sustentavel-300x195.png\" alt=\"\" width=\"157\" height=\"102\" \/> <img decoding=\"async\" class=\"alignnone wp-image-1806 lazyload\" src=\"data:image\/gif;base64,R0lGODlhAQABAAAAACH5BAEKAAEALAAAAAABAAEAAAICTAEAOw==\" data-src=\"https:\/\/saaemb.sp.gov.br\/wp-content\/uploads\/2022\/11\/15.-Vida-terrestre-300x300.png\" alt=\"\" width=\"118\" height=\"118\" \/> <img decoding=\"async\" class=\"alignnone wp-image-1822 lazyload\" src=\"data:image\/gif;base64,R0lGODlhAQABAAAAACH5BAEKAAEALAAAAAABAAEAAAICTAEAOw==\" data-src=\"https:\/\/saaemb.sp.gov.br\/wp-content\/uploads\/2022\/11\/17.-Parcerias-e-meios-de-implementacao-300x300.png\" alt=\"\" width=\"119\" height=\"119\" \/><\/p>\n","protected":false},"excerpt":{"rendered":"<p>A palestra \u201cPreven\u00e7\u00e3o e combate de inc\u00eandios em vegeta\u00e7\u00e3o natural e cultivada\u201d \u00e9 tema importante para in\u00edcio da seca no interior paulista. O evento ser\u00e1 coordenado pelo soldado da Pol\u00edcia Militar, Ulisses Scacalossi Athayde, respons\u00e1vel pela Base Comunit\u00e1ria do Corpo de Bombeiros de Buritama, em parceria com a Casa da Agricultura. A palestra acontece no [&hellip;]<\/p>\n","protected":false},"author":1,"featured_media":1995,"comment_status":"closed","ping_status":"open","sticky":false,"template":"","format":"standard","meta":{"footnotes":""},"categories":[16,20],"tags":[],"class_list":["post-1994","post","type-post","status-publish","format-standard","has-post-thumbnail","hentry","category-destaque","category-noticias"],"_links":{"self":[{"href":"https:\/\/saaemb.sp.gov.br\/index.php\/wp-json\/wp\/v2\/posts\/1994","targetHints":{"allow":["GET"]}}],"collection":[{"href":"https:\/\/saaemb.sp.gov.br\/index.php\/wp-json\/wp\/v2\/posts"}],"about":[{"href":"https:\/\/saaemb.sp.gov.br\/index.php\/wp-json\/wp\/v2\/types\/post"}],"author":[{"embeddable":true,"href":"https:\/\/saaemb.sp.gov.br\/index.php\/wp-json\/wp\/v2\/users\/1"}],"replies":[{"embeddable":true,"href":"https:\/\/saaemb.sp.gov.br\/index.php\/wp-json\/wp\/v2\/comments?post=1994"}],"version-history":[{"count":1,"href":"https:\/\/saaemb.sp.gov.br\/index.php\/wp-json\/wp\/v2\/posts\/1994\/revisions"}],"predecessor-version":[{"id":2105,"href":"https:\/\/saaemb.sp.gov.br\/index.php\/wp-json\/wp\/v2\/posts\/1994\/revisions\/2105"}],"wp:featuredmedia":[{"embeddable":true,"href":"https:\/\/saaemb.sp.gov.br\/index.php\/wp-json\/wp\/v2\/media\/1995"}],"wp:attachment":[{"href":"https:\/\/saaemb.sp.gov.br\/index.php\/wp-json\/wp\/v2\/media?parent=1994"}],"wp:term":[{"taxonomy":"category","embeddable":true,"href":"https:\/\/saaemb.sp.gov.br\/index.php\/wp-json\/wp\/v2\/categories?post=1994"},{"taxonomy":"post_tag","embeddable":true,"href":"https:\/\/saaemb.sp.gov.br\/index.php\/wp-json\/wp\/v2\/tags?post=1994"}],"curies":[{"name":"wp","href":"https:\/\/api.w.org\/{rel}","templated":true}]}}